{"id":11438,"date":"2022-01-25T14:47:23","date_gmt":"2022-01-25T17:47:23","guid":{"rendered":"https:\/\/cta.clst17.mxpr.email.pecoraricloud.com.br\/~assufsmcom\/2022\/01\/25\/stf-realiza-audiencia-sobre-ad-7-064\/"},"modified":"2026-04-01T11:37:24","modified_gmt":"2026-04-01T14:37:24","slug":"stf-realiza-audiencia-sobre-ad-7-064","status":"publish","type":"post","link":"https:\/\/cta.clst17.mxpr.email.pecoraricloud.com.br\/~assufsmcom\/2022\/01\/25\/stf-realiza-audiencia-sobre-ad-7-064\/","title":{"rendered":"STF realiza audi\u00eancia sobre ADI 7.064 com escrit\u00f3rio da Wagner Advogados Associados"},"content":{"rendered":"\n<span dir=\"auto\" style=\"vertical-align: inherit;\"><span dir=\"auto\" style=\"vertical-align: inherit;\"><span dir=\"auto\" style=\"vertical-align: inherit;\"><span dir=\"auto\" style=\"vertical-align: inherit;\">O Supremo Tribunal Federal (STF) promoveu uma audi\u00eancia sobre a A\u00e7\u00e3o Direta de Inconstitucionalidade (ADI) n\u00ba 7064, movida por um conjunto de entidades da sociedade civil como rea\u00e7\u00e3o \u00e0 promulga\u00e7\u00e3o das Emendas Constitucionais <a href=\"http:\/\/www.planalto.gov.br\/ccivil_03\/constituicao\/emendas\/emc\/emc113.htm\" target=\"_blank\" rel=\"noopener\"><strong>113<\/strong><\/a> e <a href=\"http:\/\/www.planalto.gov.br\/ccivil_03\/constituicao\/Emendas\/Emc\/emc114.htm\" target=\"_blank\" rel=\"noopener\"><strong>114<\/strong><\/a>, que resultaram da aprova\u00e7\u00e3o da PEC dos Precat\u00f3rios, nesta quinta-feira (20). Participaram da videoconfer\u00eancia a ministra do STF, Rosa Weber, o secret\u00e1rio-geral do Conselho Federal da Ordem dos Advogados do Brasil (OAB), Jos\u00e9 Alberto Simonetti, a ju\u00edza Renata Gil de Alc\u00e2ntaram Videira, Presidente da Associa\u00e7\u00e3o dos Magistrados Brasileiros, o advogado Alberto Pavie Ribeiro e o diretor-presidente de<strong>\u00a0Wagner Advogados Associados<\/strong>,\u00a0<strong>Jos\u00e9 Luis Wagner<em>.<\/em><\/strong>\n\nTodos os presentes se manifestaram sobre a import\u00e2ncia da ADI e as graves consequ\u00eancias sociais e econ\u00f4micas decorrentes das medidas aprovadas. Representante legal das confedera\u00e7\u00f5es de trabalhadores, o advogado Jos\u00e9 Luis Wagner destacou os diversos fundamentos jur\u00eddicos da a\u00e7\u00e3o proposta, reiterando o pedido de concess\u00e3o de liminar em regime de urg\u00eancia. A ministra ouviu os argumentos com total aten\u00e7\u00e3o e afirmou que analisaria detidamente todas as alega\u00e7\u00f5es formuladas. N\u00e3o h\u00e1 prazo para decis\u00e3o do pedido de liminar.\n\nWagner esclarece que, ao alterar a Constitui\u00e7\u00e3o Federal e o Ato das Disposi\u00e7\u00f5es Constitucionais Transit\u00f3rias para institucionalizar morat\u00f3ria sobre os precat\u00f3rios federais \u2013 com contingenciamento de recursos e institui\u00e7\u00e3o de \u00edndice incapaz de recompor a infla\u00e7\u00e3o para fins de corre\u00e7\u00e3o monet\u00e1ria dos d\u00e9bitos (taxa SELIC) -, as duas emendas violaram conjunto expressivo de direitos e garantias fundamentais \u00e0 conforma\u00e7\u00e3o do Princ\u00edpio da Separa\u00e7\u00e3o dos Poderes e ao pr\u00f3prio Estado Democr\u00e1tico de Direito, prejudicando diretamente centenas de milhares de credores. \u201cA imensa maioria \u00e9 formada por brasileiros de baixo poder aquisitivo e j\u00e1 com idade avan\u00e7ada, que muitas vezes dependem desses recursos para viver com um pouco mais de dignidade\u201d, destacou Wagner. Precat\u00f3rios s\u00e3o d\u00edvidas p\u00fablicas cuja origem \u00e9 a condena\u00e7\u00e3o judicial em raz\u00e3o do descumprimento de direitos como os remunerat\u00f3rios, previdenci\u00e1rios e tribut\u00e1rios.\n\nA ADI n\u00ba 7064 tem como signat\u00e1rios o<strong>\u00a0Conselho Federal da Ordem dos Advogados do Brasil (OAB)<\/strong>, a\u00a0<strong>Associa\u00e7\u00e3o dos Magistrados Brasileiros (AMB<\/strong>), a\u00a0<strong>Confedera\u00e7\u00e3o dos Servidores P\u00fablicos do Brasil (CSPB)<\/strong>, a\u00a0<strong>Confedera\u00e7\u00e3o Nacional dos Servidores e Funcion\u00e1rios P\u00fablicos das Funda\u00e7\u00f5es, Autarquias e Prefeituras Municipais (CSPM<\/strong>), a\u00a0<strong>Confedera\u00e7\u00e3o Nacional das Carreiras e Atividades T\u00edpicas de Estado (CONACATE)<\/strong>\u00a0e a\u00a0<strong>Confedera\u00e7\u00e3o Brasileira de Trabalhadores de Policiais Civis (COBRAPOL).<\/strong>\n<h5>Texto e Foto: Wagner Advogados Associados<\/h5><\/span><\/span><\/span><\/span>\n","protected":false},"excerpt":{"rendered":"<p>O Supremo Tribunal Federal (STF) promoveu uma audi\u00eancia sobre a A\u00e7\u00e3o Direta de Inconstitucionalidade (ADI) n\u00ba 7064, movida por um conjunto de entidades da sociedade civil como rea\u00e7\u00e3o \u00e0 promulga\u00e7\u00e3o das Emendas Constitucionais 113 e 114, que resultaram da aprova\u00e7\u00e3o da PEC dos Precat\u00f3rios, nesta quinta-feira (20). Participaram da videoconfer\u00eancia a ministra do STF, Rosa [&hellip;]<\/p>\n","protected":false},"author":2,"featured_media":11439,"comment_status":"open","ping_status":"open","sticky":false,"template":"","format":"standard","meta":{"footnotes":""},"categories":[14],"tags":[],"class_list":["post-11438","post","type-post","status-publish","format-standard","has-post-thumbnail","hentry","category-geral"],"_links":{"self":[{"href":"https:\/\/cta.clst17.mxpr.email.pecoraricloud.com.br\/~assufsmcom\/wp-json\/wp\/v2\/posts\/11438","targetHints":{"allow":["GET"]}}],"collection":[{"href":"https:\/\/cta.clst17.mxpr.email.pecoraricloud.com.br\/~assufsmcom\/wp-json\/wp\/v2\/posts"}],"about":[{"href":"https:\/\/cta.clst17.mxpr.email.pecoraricloud.com.br\/~assufsmcom\/wp-json\/wp\/v2\/types\/post"}],"author":[{"embeddable":true,"href":"https:\/\/cta.clst17.mxpr.email.pecoraricloud.com.br\/~assufsmcom\/wp-json\/wp\/v2\/users\/2"}],"replies":[{"embeddable":true,"href":"https:\/\/cta.clst17.mxpr.email.pecoraricloud.com.br\/~assufsmcom\/wp-json\/wp\/v2\/comments?post=11438"}],"version-history":[{"count":1,"href":"https:\/\/cta.clst17.mxpr.email.pecoraricloud.com.br\/~assufsmcom\/wp-json\/wp\/v2\/posts\/11438\/revisions"}],"predecessor-version":[{"id":25024,"href":"https:\/\/cta.clst17.mxpr.email.pecoraricloud.com.br\/~assufsmcom\/wp-json\/wp\/v2\/posts\/11438\/revisions\/25024"}],"wp:featuredmedia":[{"embeddable":true,"href":"https:\/\/cta.clst17.mxpr.email.pecoraricloud.com.br\/~assufsmcom\/wp-json\/wp\/v2\/media\/11439"}],"wp:attachment":[{"href":"https:\/\/cta.clst17.mxpr.email.pecoraricloud.com.br\/~assufsmcom\/wp-json\/wp\/v2\/media?parent=11438"}],"wp:term":[{"taxonomy":"category","embeddable":true,"href":"https:\/\/cta.clst17.mxpr.email.pecoraricloud.com.br\/~assufsmcom\/wp-json\/wp\/v2\/categories?post=11438"},{"taxonomy":"post_tag","embeddable":true,"href":"https:\/\/cta.clst17.mxpr.email.pecoraricloud.com.br\/~assufsmcom\/wp-json\/wp\/v2\/tags?post=11438"}],"curies":[{"name":"wp","href":"https:\/\/api.w.org\/{rel}","templated":true}]}}