{"id":11473,"date":"2022-02-01T14:10:10","date_gmt":"2022-02-01T17:10:10","guid":{"rendered":"https:\/\/cta.clst17.mxpr.email.pecoraricloud.com.br\/~assufsmcom\/2022\/02\/01\/urgente-prograd-prorroga-prazo-para-inscricoes-de-colaboradoresas-para-comissoes-do-processo-de-confirmacao-de-vaga\/"},"modified":"2026-04-01T11:37:23","modified_gmt":"2026-04-01T14:37:23","slug":"urgente-prograd-prorroga-prazo-para-inscricoes-de-colaboradoresas-para-comissoes-do-processo-de-confirmacao-de-vaga","status":"publish","type":"post","link":"https:\/\/cta.clst17.mxpr.email.pecoraricloud.com.br\/~assufsmcom\/2022\/02\/01\/urgente-prograd-prorroga-prazo-para-inscricoes-de-colaboradoresas-para-comissoes-do-processo-de-confirmacao-de-vaga\/","title":{"rendered":"URGENTE: PROGRAD prorroga prazo para inscri\u00e7\u00f5es de colaboradores(as) para Comiss\u00f5es do Processo de Confirma\u00e7\u00e3o de Vaga"},"content":{"rendered":"\n<span dir=\"auto\" style=\"vertical-align: inherit;\"><span dir=\"auto\" style=\"vertical-align: inherit;\"><span dir=\"auto\" style=\"vertical-align: inherit;\"><span dir=\"auto\" style=\"vertical-align: inherit;\">A Pr\u00f3-reitoria de Gradua\u00e7\u00e3o da UFSM (PROGRAD-UFSM) prorrogou para o dia <strong>04 de fevereiro<\/strong> o prazo de inscri\u00e7\u00f5es ao Edital de Sele\u00e7\u00e3o Simplificada para servidores(as) interessados(as) em atuar como colaboradores(as) junto \u00e0s Comiss\u00f5es dos Processos de Confirma\u00e7\u00e3o de Vaga da institui\u00e7\u00e3o\u00a0 S\u00e3o ofertadas:\n\n<strong>05 vagas<\/strong> para a Comiss\u00e3o de Tecnologia da Informa\u00e7\u00e3o e Log\u00edstica;\n\n<strong>03 vagas<\/strong> para a Comiss\u00e3o de Documenta\u00e7\u00e3o;\n\n<strong>04 vagas<\/strong> para a Comiss\u00e3o de An\u00e1lise Socioecon\u00f4mica;\n\n<strong>06 vagas<\/strong> para a Comiss\u00e3o de Autodeclara\u00e7\u00e3o \u00c9tnico-Racial;\n\n<strong>01 vaga<\/strong> para a Comiss\u00e3o de Acessibilidade.\n\nAs orienta\u00e7\u00f5es e o cronograma retificado podem ser acessados em <a href=\"https:\/\/www.ufsm.br\/pro-reitorias\/prograd\/editais\/073-2021\" target=\"_blank\" rel=\"noopener\"><strong>https:\/\/www.ufsm.br\/pro-reitorias\/prograd\/editais\/073-2021\u00a0<\/strong><\/a>\n<h5>Texto e Foto: PROGRAD<\/h5><\/span><\/span><\/span><\/span>\n","protected":false},"excerpt":{"rendered":"<p>A Pr\u00f3-reitoria de Gradua\u00e7\u00e3o da UFSM (PROGRAD-UFSM) prorrogou para o dia 04 de fevereiro o prazo de inscri\u00e7\u00f5es ao Edital de Sele\u00e7\u00e3o Simplificada para servidores(as) interessados(as) em atuar como colaboradores(as) junto \u00e0s Comiss\u00f5es dos Processos de Confirma\u00e7\u00e3o de Vaga da institui\u00e7\u00e3o\u00a0 S\u00e3o ofertadas: 05 vagas para a Comiss\u00e3o de Tecnologia da Informa\u00e7\u00e3o e Log\u00edstica; 03 [&hellip;]<\/p>\n","protected":false},"author":2,"featured_media":11474,"comment_status":"open","ping_status":"open","sticky":false,"template":"","format":"standard","meta":{"footnotes":""},"categories":[14],"tags":[],"class_list":["post-11473","post","type-post","status-publish","format-standard","has-post-thumbnail","hentry","category-geral"],"_links":{"self":[{"href":"https:\/\/cta.clst17.mxpr.email.pecoraricloud.com.br\/~assufsmcom\/wp-json\/wp\/v2\/posts\/11473","targetHints":{"allow":["GET"]}}],"collection":[{"href":"https:\/\/cta.clst17.mxpr.email.pecoraricloud.com.br\/~assufsmcom\/wp-json\/wp\/v2\/posts"}],"about":[{"href":"https:\/\/cta.clst17.mxpr.email.pecoraricloud.com.br\/~assufsmcom\/wp-json\/wp\/v2\/types\/post"}],"author":[{"embeddable":true,"href":"https:\/\/cta.clst17.mxpr.email.pecoraricloud.com.br\/~assufsmcom\/wp-json\/wp\/v2\/users\/2"}],"replies":[{"embeddable":true,"href":"https:\/\/cta.clst17.mxpr.email.pecoraricloud.com.br\/~assufsmcom\/wp-json\/wp\/v2\/comments?post=11473"}],"version-history":[{"count":1,"href":"https:\/\/cta.clst17.mxpr.email.pecoraricloud.com.br\/~assufsmcom\/wp-json\/wp\/v2\/posts\/11473\/revisions"}],"predecessor-version":[{"id":25042,"href":"https:\/\/cta.clst17.mxpr.email.pecoraricloud.com.br\/~assufsmcom\/wp-json\/wp\/v2\/posts\/11473\/revisions\/25042"}],"wp:featuredmedia":[{"embeddable":true,"href":"https:\/\/cta.clst17.mxpr.email.pecoraricloud.com.br\/~assufsmcom\/wp-json\/wp\/v2\/media\/11474"}],"wp:attachment":[{"href":"https:\/\/cta.clst17.mxpr.email.pecoraricloud.com.br\/~assufsmcom\/wp-json\/wp\/v2\/media?parent=11473"}],"wp:term":[{"taxonomy":"category","embeddable":true,"href":"https:\/\/cta.clst17.mxpr.email.pecoraricloud.com.br\/~assufsmcom\/wp-json\/wp\/v2\/categories?post=11473"},{"taxonomy":"post_tag","embeddable":true,"href":"https:\/\/cta.clst17.mxpr.email.pecoraricloud.com.br\/~assufsmcom\/wp-json\/wp\/v2\/tags?post=11473"}],"curies":[{"name":"wp","href":"https:\/\/api.w.org\/{rel}","templated":true}]}}