{"id":12625,"date":"2022-11-10T08:40:00","date_gmt":"2022-11-10T11:40:00","guid":{"rendered":"https:\/\/cta.clst17.mxpr.email.pecoraricloud.com.br\/~assufsmcom\/2022\/11\/10\/assufsm-nao-tera-expediente-nos-dias-14-e-15-de-novembro-devido-ao-feriadao-de-dia-da-proclamacao-da-republica\/"},"modified":"2026-04-01T11:31:42","modified_gmt":"2026-04-01T14:31:42","slug":"assufsm-nao-tera-expediente-nos-dias-14-e-15-de-novembro-devido-ao-feriadao-de-dia-da-proclamacao-da-republica","status":"publish","type":"post","link":"https:\/\/cta.clst17.mxpr.email.pecoraricloud.com.br\/~assufsmcom\/2022\/11\/10\/assufsm-nao-tera-expediente-nos-dias-14-e-15-de-novembro-devido-ao-feriadao-de-dia-da-proclamacao-da-republica\/","title":{"rendered":"Assufsm n\u00e3o ter\u00e1 expediente nos dias 14 e 15 de novembro, devido ao feriad\u00e3o de Dia da Proclama\u00e7\u00e3o da Rep\u00fablica"},"content":{"rendered":"<span dir=\"auto\" style=\"vertical-align: inherit;\"><span dir=\"auto\" style=\"vertical-align: inherit;\"><span dir=\"auto\" style=\"vertical-align: inherit;\"><span dir=\"auto\" style=\"vertical-align: inherit;\">\n<p>TAE, aten\u00e7\u00e3o: Nos dias 14 e 15 de novembro, a Assufsm n\u00e3o ter\u00e1 expediente devido ao feriado do Dia da Proclama\u00e7\u00e3o da Rep\u00fablica.<\/p>\n\n\n\n<p>O sindicato retoma suas atividades normais, das 7h \u00e0s 18h, no dia 16 de novembro, quarta-feira, com atendimentos da Secretaria no Segundo andar do Pr\u00e9dio da Reitoria, na sala 217, ao lado da Sala da CIS. <\/p>\n\n\n\n<p>Agradecemos sua compreens\u00e3o, TAE.<\/p>\n<\/span><\/span><\/span><\/span>","protected":false},"excerpt":{"rendered":"<p>TAE, aten\u00e7\u00e3o: Nos dias 14 e 15 de novembro, a Assufsm n\u00e3o ter\u00e1 expediente devido ao feriado do Dia da Proclama\u00e7\u00e3o da Rep\u00fablica. O sindicato retoma suas atividades normais, das 7h \u00e0s 18h, no dia 16 de novembro, quarta-feira, com atendimentos da Secretaria no Segundo andar do Pr\u00e9dio da Reitoria, na sala 217, ao lado [&hellip;]<\/p>\n","protected":false},"author":4,"featured_media":12626,"comment_status":"open","ping_status":"open","sticky":false,"template":"","format":"standard","meta":{"footnotes":""},"categories":[14],"tags":[],"class_list":["post-12625","post","type-post","status-publish","format-standard","has-post-thumbnail","hentry","category-geral"],"_links":{"self":[{"href":"https:\/\/cta.clst17.mxpr.email.pecoraricloud.com.br\/~assufsmcom\/wp-json\/wp\/v2\/posts\/12625","targetHints":{"allow":["GET"]}}],"collection":[{"href":"https:\/\/cta.clst17.mxpr.email.pecoraricloud.com.br\/~assufsmcom\/wp-json\/wp\/v2\/posts"}],"about":[{"href":"https:\/\/cta.clst17.mxpr.email.pecoraricloud.com.br\/~assufsmcom\/wp-json\/wp\/v2\/types\/post"}],"author":[{"embeddable":true,"href":"https:\/\/cta.clst17.mxpr.email.pecoraricloud.com.br\/~assufsmcom\/wp-json\/wp\/v2\/users\/4"}],"replies":[{"embeddable":true,"href":"https:\/\/cta.clst17.mxpr.email.pecoraricloud.com.br\/~assufsmcom\/wp-json\/wp\/v2\/comments?post=12625"}],"version-history":[{"count":1,"href":"https:\/\/cta.clst17.mxpr.email.pecoraricloud.com.br\/~assufsmcom\/wp-json\/wp\/v2\/posts\/12625\/revisions"}],"predecessor-version":[{"id":25643,"href":"https:\/\/cta.clst17.mxpr.email.pecoraricloud.com.br\/~assufsmcom\/wp-json\/wp\/v2\/posts\/12625\/revisions\/25643"}],"wp:featuredmedia":[{"embeddable":true,"href":"https:\/\/cta.clst17.mxpr.email.pecoraricloud.com.br\/~assufsmcom\/wp-json\/wp\/v2\/media\/12626"}],"wp:attachment":[{"href":"https:\/\/cta.clst17.mxpr.email.pecoraricloud.com.br\/~assufsmcom\/wp-json\/wp\/v2\/media?parent=12625"}],"wp:term":[{"taxonomy":"category","embeddable":true,"href":"https:\/\/cta.clst17.mxpr.email.pecoraricloud.com.br\/~assufsmcom\/wp-json\/wp\/v2\/categories?post=12625"},{"taxonomy":"post_tag","embeddable":true,"href":"https:\/\/cta.clst17.mxpr.email.pecoraricloud.com.br\/~assufsmcom\/wp-json\/wp\/v2\/tags?post=12625"}],"curies":[{"name":"wp","href":"https:\/\/api.w.org\/{rel}","templated":true}]}}