{"id":12638,"date":"2022-11-11T13:53:27","date_gmt":"2022-11-11T16:53:27","guid":{"rendered":"https:\/\/cta.clst17.mxpr.email.pecoraricloud.com.br\/~assufsmcom\/2022\/11\/11\/a-30-dias-do-recesso-camara-nao-decide-fonte-de-recursos-para-piso-da-enfermagem\/"},"modified":"2026-04-01T11:28:13","modified_gmt":"2026-04-01T14:28:13","slug":"a-30-dias-do-recesso-camara-nao-decide-fonte-de-recursos-para-piso-da-enfermagem","status":"publish","type":"post","link":"https:\/\/cta.clst17.mxpr.email.pecoraricloud.com.br\/~assufsmcom\/2022\/11\/11\/a-30-dias-do-recesso-camara-nao-decide-fonte-de-recursos-para-piso-da-enfermagem\/","title":{"rendered":"A 30 dias do recesso, C\u00e2mara n\u00e3o decide fonte de recursos para piso da Enfermagem"},"content":{"rendered":"<span dir=\"auto\" style=\"vertical-align: inherit;\"><span dir=\"auto\" style=\"vertical-align: inherit;\"><span dir=\"auto\" style=\"vertical-align: inherit;\"><span dir=\"auto\" style=\"vertical-align: inherit;\">\n<p>A praticamente 30 dias do recesso legislativo, o piso salarial da Enfermagem continua sem a aprova\u00e7\u00e3o de fonte de recursos para financiamento. A aprova\u00e7\u00e3o \u00e9 condi\u00e7\u00e3o do ministro do&nbsp;<a href=\"https:\/\/portal.stf.jus.br\/\" target=\"_blank\" rel=\"noreferrer noopener\">Supremo Tribunal Federal<\/a>&nbsp;(STF) Lu\u00eds Roberto Barroso para liberar o pagamento aos profissionais em todo o pa\u00eds.<\/p>\n\n\n\n<p>A situa\u00e7\u00e3o preocupa a deputada federal Carmen Zanotto (Cidadania-SC). Nesta quinta-feira (10), ela defendeu no plen\u00e1rio da C\u00e2mara a cria\u00e7\u00e3o de uma for\u00e7a-tarefa com todos os deputados, independentemente de bancada. E com apoio no futuro governo de Luiz In\u00e1cio Lula da Silva. \u201cPor meio de um grande acordo, precisamos fazer tramitar, e em definitivo, resolver a quest\u00e3o da enfermagem. A enfermagem merece, precisa e n\u00e3o suporta mais esperar\u201d, disse.<\/p>\n\n\n\n<p>Para a parlamentar, propostas como o Projeto de Lei Complementar (PLP) 44\/22, que estava na pauta de hoje (n\u00e3o houve vota\u00e7\u00e3o), n\u00e3o resolve a quest\u00e3o do financiamento. Isso porque n\u00e3o garante os recursos necess\u00e1rios. De autoria do senador Luiz Carlos Heinze (PP-RS), o projeto prorroga para 2023 a libera\u00e7\u00e3o de recursos dos fundos estaduais e municipais de sa\u00fade e assist\u00eancia social.<\/p>\n\n\n\n<h3 class=\"wp-block-heading\">Parlamentares e categoria pressionam STF<\/h3>\n\n\n\n<p>A transposi\u00e7\u00e3o de saldos financeiros ociosos dos fundos estava autorizada at\u00e9 o fim de 2021, para o combate \u00e0 pandemia de covid-19. A discuss\u00e3o do projeto que prorroga a libera\u00e7\u00e3o dos recursos, conclu\u00edda pelos deputados ontem (9), foi transferida para esta quinta em raz\u00e3o de d\u00favidas sobre o total de recursos dispon\u00edveis. E hoje n\u00e3o houve tempo na sess\u00e3o para a aprecia\u00e7\u00e3o.<\/p>\n\n\n\n<p>A medida mais eficaz para o financiamento do&nbsp;<a href=\"https:\/\/www.redebrasilatual.com.br\/trabalho\/no-brasil-heroi-bom-e-heroi-morto-diz-jurista-sobre-piso-da-enfermagem-suspenso\/\" target=\"_blank\" rel=\"noreferrer noopener\">piso<\/a>, segundo Carmen Zanotto, \u00e9 a Proposta de Emenda \u00e0 Constitui\u00e7\u00e3o (PEC) 27, apresentada esta semana, que garante super\u00e1vit dos fundos especiais. De autoria do deputado Mauro Benevides Filho (PDT-CE), especialista em quest\u00f5es tribut\u00e1rias e em recursos, a proposta tem apoio de mais de 171 parlamentares, segundo ela. No Senado tramita a proposta de regulamenta\u00e7\u00e3o dos jogos, entre outros projetos.<\/p>\n\n\n\n<p>Mais tarde, a deputada acompanhou outros parlamentares e representantes de entidades da enfermagem ao STF. O objetivo era uma conversa com o ministro Barroso, para pression\u00e1-lo a reconsiderar a suspens\u00e3o do pagamento do piso. Como ele est\u00e1 viajando, foram recebidos pela chefia de gabinete.<\/p>\n\n\n\n<p>Fonte: Rede Brasil Atual<\/p>\n<\/span><\/span><\/span><\/span>","protected":false},"excerpt":{"rendered":"<p>A praticamente 30 dias do recesso legislativo, o piso salarial da Enfermagem continua sem a aprova\u00e7\u00e3o de fonte de recursos para financiamento. A aprova\u00e7\u00e3o \u00e9 condi\u00e7\u00e3o do ministro do&nbsp;Supremo Tribunal Federal&nbsp;(STF) Lu\u00eds Roberto Barroso para liberar o pagamento aos profissionais em todo o pa\u00eds. A situa\u00e7\u00e3o preocupa a deputada federal Carmen Zanotto (Cidadania-SC). Nesta quinta-feira [&hellip;]<\/p>\n","protected":false},"author":4,"featured_media":12639,"comment_status":"open","ping_status":"open","sticky":false,"template":"","format":"standard","meta":{"footnotes":""},"categories":[14],"tags":[],"class_list":["post-12638","post","type-post","status-publish","format-standard","has-post-thumbnail","hentry","category-geral"],"_links":{"self":[{"href":"https:\/\/cta.clst17.mxpr.email.pecoraricloud.com.br\/~assufsmcom\/wp-json\/wp\/v2\/posts\/12638","targetHints":{"allow":["GET"]}}],"collection":[{"href":"https:\/\/cta.clst17.mxpr.email.pecoraricloud.com.br\/~assufsmcom\/wp-json\/wp\/v2\/posts"}],"about":[{"href":"https:\/\/cta.clst17.mxpr.email.pecoraricloud.com.br\/~assufsmcom\/wp-json\/wp\/v2\/types\/post"}],"author":[{"embeddable":true,"href":"https:\/\/cta.clst17.mxpr.email.pecoraricloud.com.br\/~assufsmcom\/wp-json\/wp\/v2\/users\/4"}],"replies":[{"embeddable":true,"href":"https:\/\/cta.clst17.mxpr.email.pecoraricloud.com.br\/~assufsmcom\/wp-json\/wp\/v2\/comments?post=12638"}],"version-history":[{"count":1,"href":"https:\/\/cta.clst17.mxpr.email.pecoraricloud.com.br\/~assufsmcom\/wp-json\/wp\/v2\/posts\/12638\/revisions"}],"predecessor-version":[{"id":25650,"href":"https:\/\/cta.clst17.mxpr.email.pecoraricloud.com.br\/~assufsmcom\/wp-json\/wp\/v2\/posts\/12638\/revisions\/25650"}],"wp:featuredmedia":[{"embeddable":true,"href":"https:\/\/cta.clst17.mxpr.email.pecoraricloud.com.br\/~assufsmcom\/wp-json\/wp\/v2\/media\/12639"}],"wp:attachment":[{"href":"https:\/\/cta.clst17.mxpr.email.pecoraricloud.com.br\/~assufsmcom\/wp-json\/wp\/v2\/media?parent=12638"}],"wp:term":[{"taxonomy":"category","embeddable":true,"href":"https:\/\/cta.clst17.mxpr.email.pecoraricloud.com.br\/~assufsmcom\/wp-json\/wp\/v2\/categories?post=12638"},{"taxonomy":"post_tag","embeddable":true,"href":"https:\/\/cta.clst17.mxpr.email.pecoraricloud.com.br\/~assufsmcom\/wp-json\/wp\/v2\/tags?post=12638"}],"curies":[{"name":"wp","href":"https:\/\/api.w.org\/{rel}","templated":true}]}}