{"id":12740,"date":"2022-12-12T15:36:32","date_gmt":"2022-12-12T18:36:32","guid":{"rendered":"https:\/\/cta.clst17.mxpr.email.pecoraricloud.com.br\/~assufsmcom\/2022\/12\/12\/assufsm-participa-de-plenaria-nacional-da-fasubra-em-brasilia\/"},"modified":"2026-04-01T11:31:41","modified_gmt":"2026-04-01T14:31:41","slug":"assufsm-participa-de-plenaria-nacional-da-fasubra-em-brasilia","status":"publish","type":"post","link":"https:\/\/cta.clst17.mxpr.email.pecoraricloud.com.br\/~assufsmcom\/2022\/12\/12\/assufsm-participa-de-plenaria-nacional-da-fasubra-em-brasilia\/","title":{"rendered":"Assufsm participa de Plen\u00e1ria Nacional da FASUBRA, em Bras\u00edlia"},"content":{"rendered":"<span dir=\"auto\" style=\"vertical-align: inherit;\"><span dir=\"auto\" style=\"vertical-align: inherit;\"><span dir=\"auto\" style=\"vertical-align: inherit;\"><span dir=\"auto\" style=\"vertical-align: inherit;\">\n<p>Delegados e delegadas da Assufsm, eleitas em Assembleia do Sindicato, participaram de Plen\u00e1ria da Fasubra Sindical, realizada em Bras\u00edlia entre os dias 8 e 10 de dezembro.<\/p>\n\n\n\n<p>Representaram os TAEs da UFSM na atividade Guilherme Elwanger, Ciro Oliveira e Paulo Quadrado pela Frente Cutista Assufsm, e integrantes do Vamos \u00e0 Luta, Eva Machado e Ant\u00f4nio de Oliveira.<\/p>\n\n\n\n<figure class=\"wp-block-image size-large\"><img decoding=\"async\" src=\"https:\/\/cta.clst17.mxpr.email.pecoraricloud.com.br\/~assufsmcom\/wp-content\/uploads\/2026\/03\/plenaria-fasubra-1-scaled.jpg\" alt=\"\" class=\"wp-image-17305\"\/><\/figure>\n\n\n\n<p>Na Plen\u00e1ria, foram definidas as principais pautas que v\u00e3o ser apresentadas pela Fasubra na abertura do di\u00e1logo com o governo Lula, incluindo a reposi\u00e7\u00e3o salarial das perdas inflacion\u00e1rias, a retirada definitiva da tramita\u00e7\u00e3o da Reforma Administrativa e a suspens\u00e3o da Emenda Constitucional 95, conhecida como teto dos gastos.<\/p>\n\n\n\n<p>Tamb\u00e9m foi definido que o Congresso Nacional da Fasubra (Confasubra) deve ser realizado na segunda quinzena de maio, em Bras\u00edlia.<\/p>\n\n\n\n<p>Mais informa\u00e7\u00f5es e not\u00edcias, voc\u00ea pode ver <strong><a href=\"https:\/\/fasubra.org.br\/geral\/plenaria-nacional-da-fasubra-sindical-acontece-nesta-sexta-e-sabado-na-adunb\/\" target=\"_blank\" rel=\"noreferrer noopener\">clicando aqui<\/a><\/strong> e <strong><a href=\"https:\/\/fasubra.org.br\/geral\/fasubra-sindical-comemora-44-anos-com-solenidade-na-camara-dos-deputados\/\" target=\"_blank\" rel=\"noreferrer noopener\">aqui<\/a><\/strong>.<\/p>\n\n\n\n<p class=\"has-medium-font-size\">Texto com informa\u00e7\u00f5es do jornalista Ciro Oliveira e da FASUBRA e edi\u00e7\u00e3o do Setor de Comunica\u00e7\u00e3o da Assufsm.<\/p>\n\n\n\n<p class=\"has-medium-font-size\">Foto destaque: TAE Paulo Quadrado<\/p>\n\n\n\n<p class=\"has-medium-font-size\">Foto do texto: Divulga\u00e7\u00e3o<\/p>\n<\/span><\/span><\/span><\/span>","protected":false},"excerpt":{"rendered":"<p>Delegados e delegadas da Assufsm, eleitas em Assembleia do Sindicato, participaram de Plen\u00e1ria da Fasubra Sindical, realizada em Bras\u00edlia entre os dias 8 e 10 de dezembro. Representaram os TAEs da UFSM na atividade Guilherme Elwanger, Ciro Oliveira e Paulo Quadrado pela Frente Cutista Assufsm, e integrantes do Vamos \u00e0 Luta, Eva Machado e Ant\u00f4nio [&hellip;]<\/p>\n","protected":false},"author":4,"featured_media":12741,"comment_status":"open","ping_status":"open","sticky":false,"template":"","format":"standard","meta":{"footnotes":""},"categories":[14],"tags":[],"class_list":["post-12740","post","type-post","status-publish","format-standard","has-post-thumbnail","hentry","category-geral"],"_links":{"self":[{"href":"https:\/\/cta.clst17.mxpr.email.pecoraricloud.com.br\/~assufsmcom\/wp-json\/wp\/v2\/posts\/12740","targetHints":{"allow":["GET"]}}],"collection":[{"href":"https:\/\/cta.clst17.mxpr.email.pecoraricloud.com.br\/~assufsmcom\/wp-json\/wp\/v2\/posts"}],"about":[{"href":"https:\/\/cta.clst17.mxpr.email.pecoraricloud.com.br\/~assufsmcom\/wp-json\/wp\/v2\/types\/post"}],"author":[{"embeddable":true,"href":"https:\/\/cta.clst17.mxpr.email.pecoraricloud.com.br\/~assufsmcom\/wp-json\/wp\/v2\/users\/4"}],"replies":[{"embeddable":true,"href":"https:\/\/cta.clst17.mxpr.email.pecoraricloud.com.br\/~assufsmcom\/wp-json\/wp\/v2\/comments?post=12740"}],"version-history":[{"count":3,"href":"https:\/\/cta.clst17.mxpr.email.pecoraricloud.com.br\/~assufsmcom\/wp-json\/wp\/v2\/posts\/12740\/revisions"}],"predecessor-version":[{"id":25708,"href":"https:\/\/cta.clst17.mxpr.email.pecoraricloud.com.br\/~assufsmcom\/wp-json\/wp\/v2\/posts\/12740\/revisions\/25708"}],"wp:featuredmedia":[{"embeddable":true,"href":"https:\/\/cta.clst17.mxpr.email.pecoraricloud.com.br\/~assufsmcom\/wp-json\/wp\/v2\/media\/12741"}],"wp:attachment":[{"href":"https:\/\/cta.clst17.mxpr.email.pecoraricloud.com.br\/~assufsmcom\/wp-json\/wp\/v2\/media?parent=12740"}],"wp:term":[{"taxonomy":"category","embeddable":true,"href":"https:\/\/cta.clst17.mxpr.email.pecoraricloud.com.br\/~assufsmcom\/wp-json\/wp\/v2\/categories?post=12740"},{"taxonomy":"post_tag","embeddable":true,"href":"https:\/\/cta.clst17.mxpr.email.pecoraricloud.com.br\/~assufsmcom\/wp-json\/wp\/v2\/tags?post=12740"}],"curies":[{"name":"wp","href":"https:\/\/api.w.org\/{rel}","templated":true}]}}