{"id":14663,"date":"2023-10-10T18:02:38","date_gmt":"2023-10-10T21:02:38","guid":{"rendered":"https:\/\/cta.clst17.mxpr.email.pecoraricloud.com.br\/~assufsmcom\/2023\/10\/10\/coordenadoresas-da-fasubra-participam-de-audiencia-publica-no-senado\/"},"modified":"2026-04-01T11:31:22","modified_gmt":"2026-04-01T14:31:22","slug":"coordenadoresas-da-fasubra-participam-de-audiencia-publica-no-senado","status":"publish","type":"post","link":"https:\/\/cta.clst17.mxpr.email.pecoraricloud.com.br\/~assufsmcom\/2023\/10\/10\/coordenadoresas-da-fasubra-participam-de-audiencia-publica-no-senado\/","title":{"rendered":"Coordenadores(as) da FASUBRA participam de Audi\u00eancia P\u00fablica no Senado \u00a0"},"content":{"rendered":"<span dir=\"auto\" style=\"vertical-align: inherit;\"><span dir=\"auto\" style=\"vertical-align: inherit;\"><span dir=\"auto\" style=\"vertical-align: inherit;\"><span dir=\"auto\" style=\"vertical-align: inherit;\">\n<p>Foi realizada na manh\u00e3 de segunda-feira, 9 de outubro, uma Audi\u00eancia P\u00fablica da Comiss\u00e3o de Direitos Humanos do Senado, presidida pelo senador Paulo Paim, com a presen\u00e7a do ministro do Trabalho e Emprego, Luiz Marinho.<\/p>\n\n\n\n<p>A audi\u00eancia p\u00fablica contou com a presen\u00e7a dos seguintes coordenadores da FASUBRA: Lucivaldo Alves dos Santos (Dire\u00e7\u00e3o Nacional da FASUBRA), Ros\u00e2ngela Gomes Soares da Costa (Coordena\u00e7\u00e3o da Mulher Trabalhadora), Lenilson Martins de Santana (Coordena\u00e7\u00e3o de Pol\u00edticas Sociais e G\u00eanero) e Roberto Luiz Machado da Silva (Dire\u00e7\u00e3o Nacional da FASUBRA).<\/p>\n\n\n\n<p>O Ministro Luiz Marinho falou aos senadores sobre as a\u00e7\u00f5es que o minist\u00e9rio vem fazendo, desde sua posse em janeiro de 2023. Dentre os temas abordados, foi destacado o combate ao desemprego, acidentes de trabalho, trabalho \u00e0 dist\u00e2ncia, acordo a ser firmado com as plataformas de aplicativos de quatro rodas que j\u00e1 est\u00e1 bem avan\u00e7ado, redu\u00e7\u00e3o da jornada de trabalho e regulamenta\u00e7\u00e3o da Contribui\u00e7\u00e3o Assistencial.<\/p>\n\n\n\n<p>Um dos temas tamb\u00e9m expostos foi a quest\u00e3o do sistema de cotas que o Minist\u00e9rio do Trabalho adotar\u00e1 no concurso p\u00fablico a ser realizado em breve, visando ao preenchimento de 900 vagas para auditores-fiscais. Segundo Luiz Marinho, 2% das vagas ser\u00e3o destinadas a pessoas trans, 2% e a quilombolas e a povos ind\u00edgenas. J\u00e1&nbsp;a cota de pessoas com defici\u00eancia aumentar\u00e1 de 5% para 6%. O restante das vagas ser\u00e1 dividido entre brancos e negros, com 45% das vagas para negros.<\/p>\n\n\n\n<p>Confiram o link com a transmiss\u00e3o da audi\u00eancia p\u00fablica: \u00a0<\/p>\n\n\n\n<figure class=\"wp-block-embed is-type-video is-provider-youtube wp-block-embed-youtube wp-embed-aspect-16-9 wp-has-aspect-ratio\"><div class=\"wp-block-embed__wrapper\">\n<iframe title=\"Ao vivo: Comiss\u00e3o de Direitos Humanos recebe ministro do Trabalho, Luiz Marinho \u2013 9\/10\/23\" width=\"1200\" height=\"675\" src=\"https:\/\/www.youtube.com\/embed\/y4BlviPzvn8?feature=oembed\" frameborder=\"0\" allow=\"accelerometer; autoplay; clipboard-write; encrypted-media; gyroscope; picture-in-picture; web-share\" referrerpolicy=\"strict-origin-when-cross-origin\" allowfullscreen><\/iframe>\n<\/div><\/figure>\n\n\n\n<p class=\"has-medium-font-size\">Texto e Foto: FASUBRA<\/p>\n<\/span><\/span><\/span><\/span>","protected":false},"excerpt":{"rendered":"<p>Foi realizada na manh\u00e3 de segunda-feira, 9 de outubro, uma Audi\u00eancia P\u00fablica da Comiss\u00e3o de Direitos Humanos do Senado, presidida pelo senador Paulo Paim, com a presen\u00e7a do ministro do Trabalho e Emprego, Luiz Marinho. A audi\u00eancia p\u00fablica contou com a presen\u00e7a dos seguintes coordenadores da FASUBRA: Lucivaldo Alves dos Santos (Dire\u00e7\u00e3o Nacional da FASUBRA), [&hellip;]<\/p>\n","protected":false},"author":4,"featured_media":14664,"comment_status":"open","ping_status":"open","sticky":false,"template":"","format":"standard","meta":{"footnotes":""},"categories":[14],"tags":[],"class_list":["post-14663","post","type-post","status-publish","format-standard","has-post-thumbnail","hentry","category-geral"],"_links":{"self":[{"href":"https:\/\/cta.clst17.mxpr.email.pecoraricloud.com.br\/~assufsmcom\/wp-json\/wp\/v2\/posts\/14663","targetHints":{"allow":["GET"]}}],"collection":[{"href":"https:\/\/cta.clst17.mxpr.email.pecoraricloud.com.br\/~assufsmcom\/wp-json\/wp\/v2\/posts"}],"about":[{"href":"https:\/\/cta.clst17.mxpr.email.pecoraricloud.com.br\/~assufsmcom\/wp-json\/wp\/v2\/types\/post"}],"author":[{"embeddable":true,"href":"https:\/\/cta.clst17.mxpr.email.pecoraricloud.com.br\/~assufsmcom\/wp-json\/wp\/v2\/users\/4"}],"replies":[{"embeddable":true,"href":"https:\/\/cta.clst17.mxpr.email.pecoraricloud.com.br\/~assufsmcom\/wp-json\/wp\/v2\/comments?post=14663"}],"version-history":[{"count":1,"href":"https:\/\/cta.clst17.mxpr.email.pecoraricloud.com.br\/~assufsmcom\/wp-json\/wp\/v2\/posts\/14663\/revisions"}],"predecessor-version":[{"id":26570,"href":"https:\/\/cta.clst17.mxpr.email.pecoraricloud.com.br\/~assufsmcom\/wp-json\/wp\/v2\/posts\/14663\/revisions\/26570"}],"wp:featuredmedia":[{"embeddable":true,"href":"https:\/\/cta.clst17.mxpr.email.pecoraricloud.com.br\/~assufsmcom\/wp-json\/wp\/v2\/media\/14664"}],"wp:attachment":[{"href":"https:\/\/cta.clst17.mxpr.email.pecoraricloud.com.br\/~assufsmcom\/wp-json\/wp\/v2\/media?parent=14663"}],"wp:term":[{"taxonomy":"category","embeddable":true,"href":"https:\/\/cta.clst17.mxpr.email.pecoraricloud.com.br\/~assufsmcom\/wp-json\/wp\/v2\/categories?post=14663"},{"taxonomy":"post_tag","embeddable":true,"href":"https:\/\/cta.clst17.mxpr.email.pecoraricloud.com.br\/~assufsmcom\/wp-json\/wp\/v2\/tags?post=14663"}],"curies":[{"name":"wp","href":"https:\/\/api.w.org\/{rel}","templated":true}]}}