{"id":18109,"date":"2024-09-04T20:23:19","date_gmt":"2024-09-04T23:23:19","guid":{"rendered":"https:\/\/cta.clst17.mxpr.email.pecoraricloud.com.br\/~assufsmcom\/2024\/09\/04\/preenchimento-do-rsc-tematiza-reuniao-do-gt-de-assuntos-sobre-aposentadoria-e-pensao\/"},"modified":"2026-04-01T11:30:59","modified_gmt":"2026-04-01T14:30:59","slug":"preenchimento-do-rsc-tematiza-reuniao-do-gt-de-assuntos-sobre-aposentadoria-e-pensao","status":"publish","type":"post","link":"https:\/\/cta.clst17.mxpr.email.pecoraricloud.com.br\/~assufsmcom\/2024\/09\/04\/preenchimento-do-rsc-tematiza-reuniao-do-gt-de-assuntos-sobre-aposentadoria-e-pensao\/","title":{"rendered":"Preenchimento do RSC tematiza reuni\u00e3o do GT de Assuntos sobre Aposentadoria e Pens\u00e3o"},"content":{"rendered":"\n<span dir=\"auto\" style=\"vertical-align: inherit;\"><span dir=\"auto\" style=\"vertical-align: inherit;\"><span dir=\"auto\" style=\"vertical-align: inherit;\"><span dir=\"auto\" style=\"vertical-align: inherit;\">O RSC tamb\u00e9m foi tema de debates, tira-d\u00favidas e informes para o seu preenchimento para aposentados (as) e pensionistas na reuni\u00e3o do GT de Assuntos sobre Aposentadoria e Pens\u00e3o nesta tarde de quarta-feira (04\/09). O encontro aconteceu tradicionalmente na Antiga Reitoria da UFSM, no Centro e contou com a presen\u00e7a da coordenadora-geral da Assufsm Nat\u00e1lia San Martin. Na ocasi\u00e3o, a aposentada Loura Maria Silveira compartilhou sua experi\u00eancia, desde 2014, para o preenchimento de saberes e compet\u00eancias.\n\nAntes do RSC, foram dados informes sobre a Caravana da CUT-RS que aconteceu em Santa Maria no \u00faltimo s\u00e1bado. A reuni\u00e3o do GT, nesta quarta-feira, excepcionalmente, n\u00e3o teve os informes jur\u00eddicos.\n\nLoura destacou que a organiza\u00e7\u00e3o \u00e9 muito importante para os (as) TAEs, porque agora, ela, por exemplo, tem tudo organizado em uma pasta, tornando f\u00e1cil a comprova\u00e7\u00e3o de atividades para o RSC. A sua participa\u00e7\u00e3o teve o objetivo de mostrar aos e \u00e0s participantes como os documentos devem ser apresentados para constar no RSC. Foram passadas orienta\u00e7\u00f5es sobre o que fazer, o que relacionar no cargo e al\u00e9m do cargo para que esses dados sejam levados a Bras\u00edlia para pleitear\u00a0 na Supervis\u00e3o Nacional da Carreira ganhos para 2026.\n\nNat\u00e1lia San Martin destacou o car\u00e1ter cooperativo e colaborativo da constru\u00e7\u00e3o da proposta ao RSC e que os (as) aposentados (as) n\u00e3o podem ficar de fora, visto que est\u00e3o inclu\u00eddos na lei com direito a RSC.\n\nA coordenadora do GT de Assuntos de Aposentadoria e Pens\u00e3o Maria Lenir ressaltou os informes gerais e a import\u00e2ncia de o governo reconhecer esse direito, que foi tamb\u00e9m algo que saiu como vit\u00f3ria da greve.\n\nEva Machado, outra coordenadora do GT de Assuntos de Aposentadoria e Pens\u00e3o, julga que a possibilidade de ganhos com o RSC para aposentados (as) e pensionistas \u00e9 gratificante, especialmente porque n\u00e3o se esperava isso. Com a luta do sindicato, essa possibilidade \u00e9 real e demonstra um empenho de anos.\n\nPossivelmente, na quinta-feira do dia 12\/09, haja outra reuni\u00e3o com aposentados (as) e pensionistas para tirar d\u00favidas sobre o preenchimento e as certifica\u00e7\u00f5es necess\u00e1rias.\n<h4>Confira imagens do GT <a href=\"https:\/\/www.facebook.com\/media\/set\/?vanity=assufsm&amp;set=a.939237488248299\">aqui<\/a>.<\/h4>\n&nbsp;<\/span><\/span><\/span><\/span>\n","protected":false},"excerpt":{"rendered":"<p>O RSC tamb\u00e9m foi tema de debates, tira-d\u00favidas e informes para o seu preenchimento para aposentados (as) e pensionistas na reuni\u00e3o do GT de Assuntos sobre Aposentadoria e Pens\u00e3o nesta tarde de quarta-feira (04\/09). O encontro aconteceu tradicionalmente na Antiga Reitoria da UFSM, no Centro e contou com a presen\u00e7a da coordenadora-geral da Assufsm Nat\u00e1lia [&hellip;]<\/p>\n","protected":false},"author":4,"featured_media":18110,"comment_status":"open","ping_status":"open","sticky":false,"template":"","format":"standard","meta":{"footnotes":""},"categories":[14],"tags":[],"class_list":["post-18109","post","type-post","status-publish","format-standard","has-post-thumbnail","hentry","category-geral"],"_links":{"self":[{"href":"https:\/\/cta.clst17.mxpr.email.pecoraricloud.com.br\/~assufsmcom\/wp-json\/wp\/v2\/posts\/18109","targetHints":{"allow":["GET"]}}],"collection":[{"href":"https:\/\/cta.clst17.mxpr.email.pecoraricloud.com.br\/~assufsmcom\/wp-json\/wp\/v2\/posts"}],"about":[{"href":"https:\/\/cta.clst17.mxpr.email.pecoraricloud.com.br\/~assufsmcom\/wp-json\/wp\/v2\/types\/post"}],"author":[{"embeddable":true,"href":"https:\/\/cta.clst17.mxpr.email.pecoraricloud.com.br\/~assufsmcom\/wp-json\/wp\/v2\/users\/4"}],"replies":[{"embeddable":true,"href":"https:\/\/cta.clst17.mxpr.email.pecoraricloud.com.br\/~assufsmcom\/wp-json\/wp\/v2\/comments?post=18109"}],"version-history":[{"count":1,"href":"https:\/\/cta.clst17.mxpr.email.pecoraricloud.com.br\/~assufsmcom\/wp-json\/wp\/v2\/posts\/18109\/revisions"}],"predecessor-version":[{"id":27719,"href":"https:\/\/cta.clst17.mxpr.email.pecoraricloud.com.br\/~assufsmcom\/wp-json\/wp\/v2\/posts\/18109\/revisions\/27719"}],"wp:featuredmedia":[{"embeddable":true,"href":"https:\/\/cta.clst17.mxpr.email.pecoraricloud.com.br\/~assufsmcom\/wp-json\/wp\/v2\/media\/18110"}],"wp:attachment":[{"href":"https:\/\/cta.clst17.mxpr.email.pecoraricloud.com.br\/~assufsmcom\/wp-json\/wp\/v2\/media?parent=18109"}],"wp:term":[{"taxonomy":"category","embeddable":true,"href":"https:\/\/cta.clst17.mxpr.email.pecoraricloud.com.br\/~assufsmcom\/wp-json\/wp\/v2\/categories?post=18109"},{"taxonomy":"post_tag","embeddable":true,"href":"https:\/\/cta.clst17.mxpr.email.pecoraricloud.com.br\/~assufsmcom\/wp-json\/wp\/v2\/tags?post=18109"}],"curies":[{"name":"wp","href":"https:\/\/api.w.org\/{rel}","templated":true}]}}