{"id":18215,"date":"2024-09-19T16:23:56","date_gmt":"2024-09-19T19:23:56","guid":{"rendered":"https:\/\/cta.clst17.mxpr.email.pecoraricloud.com.br\/~assufsmcom\/2024\/09\/19\/coordenacao-financeira-e-patrimonial-participa-de-reuniao-do-conselho-fiscal-da-assufsm\/"},"modified":"2026-04-01T11:30:58","modified_gmt":"2026-04-01T14:30:58","slug":"coordenacao-financeira-e-patrimonial-participa-de-reuniao-do-conselho-fiscal-da-assufsm","status":"publish","type":"post","link":"https:\/\/cta.clst17.mxpr.email.pecoraricloud.com.br\/~assufsmcom\/2024\/09\/19\/coordenacao-financeira-e-patrimonial-participa-de-reuniao-do-conselho-fiscal-da-assufsm\/","title":{"rendered":"Coordena\u00e7\u00e3o Financeira e Patrimonial participa de reuni\u00e3o do Conselho Fiscal da Assufsm"},"content":{"rendered":"\n<p><span dir=\"auto\" style=\"vertical-align: inherit;\"><span dir=\"auto\" style=\"vertical-align: inherit;\"><span dir=\"auto\" style=\"vertical-align: inherit;\"><span dir=\"auto\" style=\"vertical-align: inherit;\">Na manh\u00e3 desta quarta-feira, a reuni\u00e3o do Conselho Fiscal da Assufsm contou com a participa\u00e7\u00e3o da Coordena\u00e7\u00e3o Financeira e Patrimonial para explicar aos conselheiros presentes quais s\u00e3o as rotinas administrativas do financeiro.<\/p>\n\n\n\n<p>A reuni\u00e3o \u00e9 importante justamente para que o Conselho Fiscal rec\u00e9m-formado entenda como funcionam as finan\u00e7as da associa\u00e7\u00e3o. Participaram do encontro os coordenadores Financeiro e Patrimonial Guilherme Elwanger e Elton Quadros; e os conselheiros fiscais titulares Isabel Leal, Celso Fialho e Wilson da Rosa; e as conselheiras suplentes Cerlene Machado e Luciany de Mello.<\/p>\n\n\n\n<p>Em conversa com a Coordena\u00e7\u00e3o Financeira da Assufsm, foi relatado que a reuni\u00e3o \u00e9 importante para a compreens\u00e3o dos crit\u00e9rios estabelecidos para os gastos, os procedimentos para registro e aprova\u00e7\u00e3o destes gastos dentro do setor e com a associa\u00e7\u00e3o e filiados (as) em assembleia. O setor financeiro na Assufsm conta com duas funcion\u00e1rias e mais uma empresa de contabilidade para fazer esse controle. Tamb\u00e9m foram explanadas as quest\u00f5es referentes \u00e0 Unimed, especificamente a quest\u00e3o dos inadimplentes.<\/p>\n\n\n\n<p>A Coordena\u00e7\u00e3o Financeira da Assufsm se prontificou a dar o apoio total disponibilizando documentos e relat\u00f3rios para que o Conselho Fiscal possa fazer o seu trabalho, buscando sempre a transpar\u00eancia nos procedimentos da associa\u00e7\u00e3o.<\/span><\/span><\/span><\/span><\/p>\n","protected":false},"excerpt":{"rendered":"<p>Na manh\u00e3 desta quarta-feira, a reuni\u00e3o do Conselho Fiscal da Assufsm contou com a participa\u00e7\u00e3o da Coordena\u00e7\u00e3o Financeira e Patrimonial para explicar aos conselheiros presentes quais s\u00e3o as rotinas administrativas do financeiro. A reuni\u00e3o \u00e9 importante justamente para que o Conselho Fiscal rec\u00e9m-formado entenda como funcionam as finan\u00e7as da associa\u00e7\u00e3o. Participaram do encontro os coordenadores [&hellip;]<\/p>\n","protected":false},"author":4,"featured_media":18216,"comment_status":"open","ping_status":"open","sticky":false,"template":"","format":"standard","meta":{"footnotes":""},"categories":[14],"tags":[],"class_list":["post-18215","post","type-post","status-publish","format-standard","has-post-thumbnail","hentry","category-geral"],"_links":{"self":[{"href":"https:\/\/cta.clst17.mxpr.email.pecoraricloud.com.br\/~assufsmcom\/wp-json\/wp\/v2\/posts\/18215","targetHints":{"allow":["GET"]}}],"collection":[{"href":"https:\/\/cta.clst17.mxpr.email.pecoraricloud.com.br\/~assufsmcom\/wp-json\/wp\/v2\/posts"}],"about":[{"href":"https:\/\/cta.clst17.mxpr.email.pecoraricloud.com.br\/~assufsmcom\/wp-json\/wp\/v2\/types\/post"}],"author":[{"embeddable":true,"href":"https:\/\/cta.clst17.mxpr.email.pecoraricloud.com.br\/~assufsmcom\/wp-json\/wp\/v2\/users\/4"}],"replies":[{"embeddable":true,"href":"https:\/\/cta.clst17.mxpr.email.pecoraricloud.com.br\/~assufsmcom\/wp-json\/wp\/v2\/comments?post=18215"}],"version-history":[{"count":1,"href":"https:\/\/cta.clst17.mxpr.email.pecoraricloud.com.br\/~assufsmcom\/wp-json\/wp\/v2\/posts\/18215\/revisions"}],"predecessor-version":[{"id":27770,"href":"https:\/\/cta.clst17.mxpr.email.pecoraricloud.com.br\/~assufsmcom\/wp-json\/wp\/v2\/posts\/18215\/revisions\/27770"}],"wp:featuredmedia":[{"embeddable":true,"href":"https:\/\/cta.clst17.mxpr.email.pecoraricloud.com.br\/~assufsmcom\/wp-json\/wp\/v2\/media\/18216"}],"wp:attachment":[{"href":"https:\/\/cta.clst17.mxpr.email.pecoraricloud.com.br\/~assufsmcom\/wp-json\/wp\/v2\/media?parent=18215"}],"wp:term":[{"taxonomy":"category","embeddable":true,"href":"https:\/\/cta.clst17.mxpr.email.pecoraricloud.com.br\/~assufsmcom\/wp-json\/wp\/v2\/categories?post=18215"},{"taxonomy":"post_tag","embeddable":true,"href":"https:\/\/cta.clst17.mxpr.email.pecoraricloud.com.br\/~assufsmcom\/wp-json\/wp\/v2\/tags?post=18215"}],"curies":[{"name":"wp","href":"https:\/\/api.w.org\/{rel}","templated":true}]}}