{"id":18328,"date":"2024-10-15T10:00:55","date_gmt":"2024-10-15T13:00:55","guid":{"rendered":"https:\/\/cta.clst17.mxpr.email.pecoraricloud.com.br\/~assufsmcom\/2024\/10\/15\/15-de-outubro-dia-do-a-professor-a\/"},"modified":"2026-04-01T11:30:54","modified_gmt":"2026-04-01T14:30:54","slug":"15-de-outubro-dia-do-a-professor-a","status":"publish","type":"post","link":"https:\/\/cta.clst17.mxpr.email.pecoraricloud.com.br\/~assufsmcom\/2024\/10\/15\/15-de-outubro-dia-do-a-professor-a\/","title":{"rendered":"15 de Outubro &#8211; Dia do (a) professor (a)"},"content":{"rendered":"\n<p><span dir=\"auto\" style=\"vertical-align: inherit;\"><span dir=\"auto\" style=\"vertical-align: inherit;\"><span dir=\"auto\" style=\"vertical-align: inherit;\"><span dir=\"auto\" style=\"vertical-align: inherit;\">Hoje, 15 de Outubro, \u00e9 uma data important\u00edssima, quando se comemora do Dia dos (as) professores (as)! A Assufsm, que atua em \u00e2mbito universit\u00e1rio da UFSM, enaltece os (as) professores (as) que s\u00e3o verdadeiros her\u00f3is e hero\u00ednas, trilhando o caminho na forma\u00e7\u00e3o de milh\u00f5es de brasileiros (as).<\/p>\n\n\n\n<p>No Brasil, a cria\u00e7\u00e3o do Dia do Professor (a) est\u00e1 associada com a Lei de 15 de outubro de 1827, assinado por D. Pedro I. Nesse documento, ficou estabelecido que em todas as cidades do pa\u00eds seriam constru\u00eddas escolas prim\u00e1rias de ensino elementar. Na \u00e9poca, elas eram chamadas de \u201cEscolas de Primeiras Letras\u201d. Essa data foi oficializada por meio de um decreto do governo de Jo\u00e3o Goulart nos anos 1960.<\/p>\n\n\n\n<p>Eles e elas s\u00e3o fundamentais para a sociedade e marcam a vida das pessoas, deixando lembran\u00e7as eternas. A Assufsm sa\u00fada a data, e deseja que todos e todas alcancem uma vida digna, plena e de prop\u00f3sito.<\/p>\n\n\n\n<p>Fonte: Mundo Educa\u00e7\u00e3o<\/span><\/span><\/span><\/span><\/p>\n","protected":false},"excerpt":{"rendered":"<p>Hoje, 15 de Outubro, \u00e9 uma data important\u00edssima, quando se comemora do Dia dos (as) professores (as)! A Assufsm, que atua em \u00e2mbito universit\u00e1rio da UFSM, enaltece os (as) professores (as) que s\u00e3o verdadeiros her\u00f3is e hero\u00ednas, trilhando o caminho na forma\u00e7\u00e3o de milh\u00f5es de brasileiros (as). No Brasil, a cria\u00e7\u00e3o do Dia do Professor [&hellip;]<\/p>\n","protected":false},"author":4,"featured_media":18329,"comment_status":"open","ping_status":"open","sticky":false,"template":"","format":"standard","meta":{"footnotes":""},"categories":[14],"tags":[],"class_list":["post-18328","post","type-post","status-publish","format-standard","has-post-thumbnail","hentry","category-geral"],"_links":{"self":[{"href":"https:\/\/cta.clst17.mxpr.email.pecoraricloud.com.br\/~assufsmcom\/wp-json\/wp\/v2\/posts\/18328","targetHints":{"allow":["GET"]}}],"collection":[{"href":"https:\/\/cta.clst17.mxpr.email.pecoraricloud.com.br\/~assufsmcom\/wp-json\/wp\/v2\/posts"}],"about":[{"href":"https:\/\/cta.clst17.mxpr.email.pecoraricloud.com.br\/~assufsmcom\/wp-json\/wp\/v2\/types\/post"}],"author":[{"embeddable":true,"href":"https:\/\/cta.clst17.mxpr.email.pecoraricloud.com.br\/~assufsmcom\/wp-json\/wp\/v2\/users\/4"}],"replies":[{"embeddable":true,"href":"https:\/\/cta.clst17.mxpr.email.pecoraricloud.com.br\/~assufsmcom\/wp-json\/wp\/v2\/comments?post=18328"}],"version-history":[{"count":1,"href":"https:\/\/cta.clst17.mxpr.email.pecoraricloud.com.br\/~assufsmcom\/wp-json\/wp\/v2\/posts\/18328\/revisions"}],"predecessor-version":[{"id":27833,"href":"https:\/\/cta.clst17.mxpr.email.pecoraricloud.com.br\/~assufsmcom\/wp-json\/wp\/v2\/posts\/18328\/revisions\/27833"}],"wp:featuredmedia":[{"embeddable":true,"href":"https:\/\/cta.clst17.mxpr.email.pecoraricloud.com.br\/~assufsmcom\/wp-json\/wp\/v2\/media\/18329"}],"wp:attachment":[{"href":"https:\/\/cta.clst17.mxpr.email.pecoraricloud.com.br\/~assufsmcom\/wp-json\/wp\/v2\/media?parent=18328"}],"wp:term":[{"taxonomy":"category","embeddable":true,"href":"https:\/\/cta.clst17.mxpr.email.pecoraricloud.com.br\/~assufsmcom\/wp-json\/wp\/v2\/categories?post=18328"},{"taxonomy":"post_tag","embeddable":true,"href":"https:\/\/cta.clst17.mxpr.email.pecoraricloud.com.br\/~assufsmcom\/wp-json\/wp\/v2\/tags?post=18328"}],"curies":[{"name":"wp","href":"https:\/\/api.w.org\/{rel}","templated":true}]}}