{"id":18330,"date":"2024-10-12T08:30:12","date_gmt":"2024-10-12T11:30:12","guid":{"rendered":"https:\/\/cta.clst17.mxpr.email.pecoraricloud.com.br\/~assufsmcom\/2024\/10\/12\/12-de-outubro-dia-das-criancas\/"},"modified":"2026-04-01T11:30:55","modified_gmt":"2026-04-01T14:30:55","slug":"12-de-outubro-dia-das-criancas","status":"publish","type":"post","link":"https:\/\/cta.clst17.mxpr.email.pecoraricloud.com.br\/~assufsmcom\/2024\/10\/12\/12-de-outubro-dia-das-criancas\/","title":{"rendered":"12 de Outubro &#8211; Dia das Crian\u00e7as"},"content":{"rendered":"\n<p><span dir=\"auto\" style=\"vertical-align: inherit;\"><span dir=\"auto\" style=\"vertical-align: inherit;\"><span dir=\"auto\" style=\"vertical-align: inherit;\"><span dir=\"auto\" style=\"vertical-align: inherit;\">O Dia das Crian\u00e7as no Brasil, comemorado em 12 de outubro, foi institu\u00eddo pelo 1924, pelo ent\u00e3o Presidente da Rep\u00fablica Arthur da Silva Bernardes, que sancionou o Decreto Federal N. 4.867, projeto de lei feito pelo deputado federal Galdino do Valle Filho. Em um artigo \u00fanico, o Decreto assim disp\u00f5e: \u201cFica institu\u00eddo o dia 12 de outubro para ter lugar, em todo o territ\u00f3rio nacional, a festa da crian\u00e7a, revogadas as disposi\u00e7\u00f5es em contr\u00e1rio\u201d. A data 12\/10 foi escolhida em 1923, durante o 1\u00ba Congresso Brasileiro de Prote\u00e7\u00e3o \u00e0 Inf\u00e2ncia, realizado no Rio de Janeiro, na \u00e9poca, capital do pa\u00eds.<\/p>\n\n\n\n<p>Este \u00e9 um dia muito especial para lembrar que precisamos criar e proteger os pequenos e pequenas em um meio ambiente seguro e saud\u00e1vel, lembrando dos seus direitos. O <a href=\"https:\/\/www.planalto.gov.br\/ccivil_03\/leis\/l8069.htm\">Estatuto da Crian\u00e7a e do Adolescente<\/a> tem esse papel na nossa sociedade e serve como amparo jur\u00eddico com esse objetivo.<\/p>\n\n\n\n<p>Portanto, TAE, aproveite a data para brincar com seus filhos (as) e netos (as), aproveitando esta que \u00e9 uma das melhores fases da vida.<\/p>\n\n\n\n<p>Com informa\u00e7\u00f5es do Centro Marista de Promo\u00e7\u00e3o dos Direitos da Crian\u00e7a e do Adolescente.<\/span><\/span><\/span><\/span><\/p>\n","protected":false},"excerpt":{"rendered":"<p>O Dia das Crian\u00e7as no Brasil, comemorado em 12 de outubro, foi institu\u00eddo pelo 1924, pelo ent\u00e3o Presidente da Rep\u00fablica Arthur da Silva Bernardes, que sancionou o Decreto Federal N. 4.867, projeto de lei feito pelo deputado federal Galdino do Valle Filho. Em um artigo \u00fanico, o Decreto assim disp\u00f5e: \u201cFica institu\u00eddo o dia 12 [&hellip;]<\/p>\n","protected":false},"author":4,"featured_media":18331,"comment_status":"open","ping_status":"open","sticky":false,"template":"","format":"standard","meta":{"footnotes":""},"categories":[14],"tags":[],"class_list":["post-18330","post","type-post","status-publish","format-standard","has-post-thumbnail","hentry","category-geral"],"_links":{"self":[{"href":"https:\/\/cta.clst17.mxpr.email.pecoraricloud.com.br\/~assufsmcom\/wp-json\/wp\/v2\/posts\/18330","targetHints":{"allow":["GET"]}}],"collection":[{"href":"https:\/\/cta.clst17.mxpr.email.pecoraricloud.com.br\/~assufsmcom\/wp-json\/wp\/v2\/posts"}],"about":[{"href":"https:\/\/cta.clst17.mxpr.email.pecoraricloud.com.br\/~assufsmcom\/wp-json\/wp\/v2\/types\/post"}],"author":[{"embeddable":true,"href":"https:\/\/cta.clst17.mxpr.email.pecoraricloud.com.br\/~assufsmcom\/wp-json\/wp\/v2\/users\/4"}],"replies":[{"embeddable":true,"href":"https:\/\/cta.clst17.mxpr.email.pecoraricloud.com.br\/~assufsmcom\/wp-json\/wp\/v2\/comments?post=18330"}],"version-history":[{"count":1,"href":"https:\/\/cta.clst17.mxpr.email.pecoraricloud.com.br\/~assufsmcom\/wp-json\/wp\/v2\/posts\/18330\/revisions"}],"predecessor-version":[{"id":27834,"href":"https:\/\/cta.clst17.mxpr.email.pecoraricloud.com.br\/~assufsmcom\/wp-json\/wp\/v2\/posts\/18330\/revisions\/27834"}],"wp:featuredmedia":[{"embeddable":true,"href":"https:\/\/cta.clst17.mxpr.email.pecoraricloud.com.br\/~assufsmcom\/wp-json\/wp\/v2\/media\/18331"}],"wp:attachment":[{"href":"https:\/\/cta.clst17.mxpr.email.pecoraricloud.com.br\/~assufsmcom\/wp-json\/wp\/v2\/media?parent=18330"}],"wp:term":[{"taxonomy":"category","embeddable":true,"href":"https:\/\/cta.clst17.mxpr.email.pecoraricloud.com.br\/~assufsmcom\/wp-json\/wp\/v2\/categories?post=18330"},{"taxonomy":"post_tag","embeddable":true,"href":"https:\/\/cta.clst17.mxpr.email.pecoraricloud.com.br\/~assufsmcom\/wp-json\/wp\/v2\/tags?post=18330"}],"curies":[{"name":"wp","href":"https:\/\/api.w.org\/{rel}","templated":true}]}}