{"id":18334,"date":"2024-10-27T08:30:57","date_gmt":"2024-10-27T11:30:57","guid":{"rendered":"https:\/\/cta.clst17.mxpr.email.pecoraricloud.com.br\/~assufsmcom\/2024\/10\/27\/27-de-outubro-dia-nacional-de-mobilizacao-pro-saude-da-populacao-negra\/"},"modified":"2026-04-01T11:30:52","modified_gmt":"2026-04-01T14:30:52","slug":"27-de-outubro-dia-nacional-de-mobilizacao-pro-saude-da-populacao-negra","status":"publish","type":"post","link":"https:\/\/cta.clst17.mxpr.email.pecoraricloud.com.br\/~assufsmcom\/2024\/10\/27\/27-de-outubro-dia-nacional-de-mobilizacao-pro-saude-da-populacao-negra\/","title":{"rendered":"27 de Outubro &#8211; Dia Nacional de Mobiliza\u00e7\u00e3o Pr\u00f3-Sa\u00fade da Popula\u00e7\u00e3o Negra"},"content":{"rendered":"\n<p><span dir=\"auto\" style=\"vertical-align: inherit;\"><span dir=\"auto\" style=\"vertical-align: inherit;\"><span dir=\"auto\" style=\"vertical-align: inherit;\"><span dir=\"auto\" style=\"vertical-align: inherit;\">O Dia Nacional de Mobiliza\u00e7\u00e3o Pr\u00f3-Sa\u00fade da Popula\u00e7\u00e3o Negra, comemorado em 27 de outubro, foi criado por organiza\u00e7\u00f5es do movimento negro e de trabalhadores da sa\u00fade para lembrar que, apesar dos avan\u00e7os conquistados na \u00e1rea da sa\u00fade, ainda persistem as desigualdades raciais. Nessa data, acontecem em todo o Brasil atividades para informar a popula\u00e7\u00e3o negra sobre os seus direitos e ampliar o debate com os gestores, profissionais de sa\u00fade e a popula\u00e7\u00e3o em geral sobre o racismo e suas rela\u00e7\u00f5es com a sa\u00fade.<\/p>\n\n\n\n<p>No \u00e2mbito do Minist\u00e9rio da Sa\u00fade, a\u00a0<strong><a href=\"https:\/\/bvsms.saude.gov.br\/bvs\/publicacoes\/politica_nacional_saude_populacao_negra_3d.pdf\">Pol\u00edtica Nacional de Sa\u00fade Integral da Popula\u00e7\u00e3o Negra (PNSIPN)<\/a><\/strong>, institu\u00edda em 2009, reconhece que o racismo, as desigualdades \u00e9tnico-raciais e o racismo estrutural s\u00e3o determinantes sociais das condi\u00e7\u00f5es de sa\u00fade que corroboram com a morbimortalidade das popula\u00e7\u00f5es negras no pa\u00eds. A partir disso, tem como prop\u00f3sito diminuir as iniquidades produzidas por injustos processos socioecon\u00f4micos e culturais atrav\u00e9s do estabelecimento de a\u00e7\u00f5es integrais de cuidado, aten\u00e7\u00e3o, promo\u00e7\u00e3o e preven\u00e7\u00e3o em sa\u00fade voltadas para essas popula\u00e7\u00f5es.<\/p>\n\n\n\n<p>Para implementar a PNSIPN \u00e9 necess\u00e1rio que gestores, movimentos sociais, conselheiros e profissionais do Sistema \u00danico de Sa\u00fade (SUS) trabalhem em prol da melhoria das condi\u00e7\u00f5es de sa\u00fade da popula\u00e7\u00e3o negra, a partir da compreens\u00e3o de suas vulnerabilidades e do reconhecimento do racismo como determinante social em sa\u00fade.<\/p>\n\n\n\n<p>A Pol\u00edtica tamb\u00e9m reafirma as responsabilidades de cada esfera de gest\u00e3o do SUS \u2013 governo federal, estadual e municipal \u2013 na efetiva\u00e7\u00e3o das a\u00e7\u00f5es e na articula\u00e7\u00e3o com outros setores do governo e da sociedade civil, para garantir o acesso da popula\u00e7\u00e3o negra a a\u00e7\u00f5es e servi\u00e7os de sa\u00fade, de forma oportuna e humanizada, contribuindo para a melhoria das condi\u00e7\u00f5es de sa\u00fade desta popula\u00e7\u00e3o e para a redu\u00e7\u00e3o das iniquidades de ra\u00e7a\/cor, g\u00eanero, identidade de g\u00eanero, orienta\u00e7\u00e3o sexual, geracionais e de classe.<\/p>\n\n\n\n<p>As pol\u00edticas sindicais tamb\u00e9m podem contribuir com este dia, estando sempre alertas para as problem\u00e1ticas em torno da popula\u00e7\u00e3o negra. Por isso, TAE, mobilize-se por este dia, fa\u00e7a a diferen\u00e7a!<\/p>\n\n\n\n<p>Com informa\u00e7\u00f5es da Biblioteca Virtual em Sa\u00fade do Minist\u00e9rio da Sa\u00fade<\/span><\/span><\/span><\/span><\/p>\n","protected":false},"excerpt":{"rendered":"<p>O Dia Nacional de Mobiliza\u00e7\u00e3o Pr\u00f3-Sa\u00fade da Popula\u00e7\u00e3o Negra, comemorado em 27 de outubro, foi criado por organiza\u00e7\u00f5es do movimento negro e de trabalhadores da sa\u00fade para lembrar que, apesar dos avan\u00e7os conquistados na \u00e1rea da sa\u00fade, ainda persistem as desigualdades raciais. Nessa data, acontecem em todo o Brasil atividades para informar a popula\u00e7\u00e3o negra [&hellip;]<\/p>\n","protected":false},"author":4,"featured_media":18335,"comment_status":"open","ping_status":"open","sticky":false,"template":"","format":"standard","meta":{"footnotes":""},"categories":[14],"tags":[],"class_list":["post-18334","post","type-post","status-publish","format-standard","has-post-thumbnail","hentry","category-geral"],"_links":{"self":[{"href":"https:\/\/cta.clst17.mxpr.email.pecoraricloud.com.br\/~assufsmcom\/wp-json\/wp\/v2\/posts\/18334","targetHints":{"allow":["GET"]}}],"collection":[{"href":"https:\/\/cta.clst17.mxpr.email.pecoraricloud.com.br\/~assufsmcom\/wp-json\/wp\/v2\/posts"}],"about":[{"href":"https:\/\/cta.clst17.mxpr.email.pecoraricloud.com.br\/~assufsmcom\/wp-json\/wp\/v2\/types\/post"}],"author":[{"embeddable":true,"href":"https:\/\/cta.clst17.mxpr.email.pecoraricloud.com.br\/~assufsmcom\/wp-json\/wp\/v2\/users\/4"}],"replies":[{"embeddable":true,"href":"https:\/\/cta.clst17.mxpr.email.pecoraricloud.com.br\/~assufsmcom\/wp-json\/wp\/v2\/comments?post=18334"}],"version-history":[{"count":1,"href":"https:\/\/cta.clst17.mxpr.email.pecoraricloud.com.br\/~assufsmcom\/wp-json\/wp\/v2\/posts\/18334\/revisions"}],"predecessor-version":[{"id":27836,"href":"https:\/\/cta.clst17.mxpr.email.pecoraricloud.com.br\/~assufsmcom\/wp-json\/wp\/v2\/posts\/18334\/revisions\/27836"}],"wp:featuredmedia":[{"embeddable":true,"href":"https:\/\/cta.clst17.mxpr.email.pecoraricloud.com.br\/~assufsmcom\/wp-json\/wp\/v2\/media\/18335"}],"wp:attachment":[{"href":"https:\/\/cta.clst17.mxpr.email.pecoraricloud.com.br\/~assufsmcom\/wp-json\/wp\/v2\/media?parent=18334"}],"wp:term":[{"taxonomy":"category","embeddable":true,"href":"https:\/\/cta.clst17.mxpr.email.pecoraricloud.com.br\/~assufsmcom\/wp-json\/wp\/v2\/categories?post=18334"},{"taxonomy":"post_tag","embeddable":true,"href":"https:\/\/cta.clst17.mxpr.email.pecoraricloud.com.br\/~assufsmcom\/wp-json\/wp\/v2\/tags?post=18334"}],"curies":[{"name":"wp","href":"https:\/\/api.w.org\/{rel}","templated":true}]}}