{"id":18370,"date":"2024-10-11T16:00:18","date_gmt":"2024-10-11T19:00:18","guid":{"rendered":"https:\/\/cta.clst17.mxpr.email.pecoraricloud.com.br\/~assufsmcom\/2024\/10\/11\/confira-as-dicas-culturais-para-esse-fim-de-semana-11-12-e-13-de-outubro\/"},"modified":"2026-04-01T11:30:55","modified_gmt":"2026-04-01T14:30:55","slug":"confira-as-dicas-culturais-para-esse-fim-de-semana-11-12-e-13-de-outubro","status":"publish","type":"post","link":"https:\/\/cta.clst17.mxpr.email.pecoraricloud.com.br\/~assufsmcom\/2024\/10\/11\/confira-as-dicas-culturais-para-esse-fim-de-semana-11-12-e-13-de-outubro\/","title":{"rendered":"Confira as dicas culturais para esse fim de semana &#8211; 11, 12 e 13 de Outubro"},"content":{"rendered":"\n<p><span dir=\"auto\" style=\"vertical-align: inherit;\"><span dir=\"auto\" style=\"vertical-align: inherit;\"><span dir=\"auto\" style=\"vertical-align: inherit;\"><span dir=\"auto\" style=\"vertical-align: inherit;\">Confira as dicas culturais desse fim de semana, dos dias 11, 12 e 13 de outubro.<\/p>\n\n\n\n<p><strong>Dica 1<\/strong><\/p>\n\n\n\n<p>Neste s\u00e1bado, acontece a festa do dia das crian\u00e7as na sede campestre da Assufsm. O evento come\u00e7a \u00e0s 14 horas e vai at\u00e9 as 18 horas. A alegria da crian\u00e7ada estar\u00e1 garantida com pula-pula, piscina de bolinhas e muita divers\u00e3o. Al\u00e9m disso, cada crian\u00e7a ter\u00e1 direito a guloseimas fornecidas durante a festa.<\/p>\n\n\n\n<p>Lembre-se, no dia da festa, \u00e9 necess\u00e1rio levar o convite, s\u00f3 assim ser\u00e1 permitida a entrada da crian\u00e7a e a entrega da pulseira para as guloseimas.<\/p>\n\n\n\n<p>A Assufsm fica localizada na rua da Abs, no bairro Lorenzi<\/p>\n\n\n\n<p><strong>Dica 2<\/strong><\/p>\n\n\n\n<p>Hoje, sexta-feira, o Theatro 13 de maio recebe o espet\u00e1culo \u201cQUANDO O RISO BATE NA PORTA\u201d<\/p>\n\n\n\n<p>O Palha\u00e7o Katupiry inicia mais um dia de sua vida. Tudo est\u00e1 exatamente como sempre foi, no seu devido lugar. No entanto, uma visita inesperada acontece e muda totalmente o dia \u2013 e a vida \u2013 dele. Estar \u201ccomo sempre\u201d nem sempre \u00e9 o que realmente queremos. Quantas vezes voc\u00ea j\u00e1 olhou para dentro de si e deixou o riso entrar?<\/p>\n\n\n\n<p>O evento come\u00e7a \u00e0s 19 horas. O ingresso custa a partir de 25 reais e voc\u00ea pode adquirir atrav\u00e9s do site do theatro, <a href=\"http:\/\/www.theatro13demaio.com.br\">www.theatro13demaio.com.br<\/a>. A classifica\u00e7\u00e3o \u00e9 livre.<\/p>\n\n\n\n<p>No s\u00e1bado, o teatro apresenta MAGICAMENTE \/ SHOW DE HIPNOSE C\u00d4MICA.<\/p>\n\n\n\n<p>Um Show para toda a fam\u00edlia! Os hipn\u00f3logos Andr\u00e9 Attie, Eduardo Neaime e Sanny Machado prometem realizar um show ainda mais engra\u00e7ado e surpreendente, reunindo os melhores esquetes de mais de 9 anos em cartaz. A marca do show \u00e9 hipnotizar volunt\u00e1rios da plateia, o que inclui diversas situa\u00e7\u00f5es engra\u00e7adas e surpreendentes.<\/p>\n\n\n\n<p>O espet\u00e1culo come\u00e7a \u00e0s 20 horas e a classifica\u00e7\u00e3o \u00e9 livre. Os ingressos custam a partir de 28 reais. Voc\u00ea pode adquiri-los por meio do site do theatro, www.theatro13demaio.com.br<\/p>\n\n\n\n<p>E no domingo, o theatro recebe \u201cNO IMAGIN\u00c1RIO DOS SONHOS\u201d.<\/p>\n\n\n\n<p>O espet\u00e1culo narra a hist\u00f3ria de dois irm\u00e3os, Linda (Let\u00edcia Passos) e Dinho (Irineu Dalla Corte Filho), que s\u00e3o transportados para a m\u00e1gica Aldeia dos Sonhos, onde convivem com diversos insetos atrav\u00e9s das hist\u00f3rias contadas por Vov\u00f3 L\u00facia (Bruna Fernandes da Silva). Ao longo dessa jornada, eles aprendem valores importantes como o amor ao pr\u00f3ximo, o perd\u00e3o e a verdade. O atrapalhado Louva-Deus (Gabriel Bellinaso Brasil) tamb\u00e9m faz parte das aventuras, que culminam em uma festa divertida ap\u00f3s passarem por seis hist\u00f3rias encantadoras. Ao final, uma linda Fada os guia de volta \u00e0 realidade, trazendo as li\u00e7\u00f5es aprendidas na Aldeia<\/p>\n\n\n\n<p>A pe\u00e7a come\u00e7a \u00e0s 18 horas e a classifica\u00e7\u00e3o \u00e9 livre. Voc\u00ea pode adquirir os ingressos na bilheteria do theatro, ainda n\u00e3o foram divulgados os valores.<\/p>\n\n\n\n<p>O Theatro 13 de maio fica na Pra\u00e7a Saldanha Marinho, no Centro.<\/p>\n\n\n\n<p><strong>Dica 3<\/strong><\/p>\n\n\n\n<p>No domingo acontece mais um viva campus na UFSM, dessa vez em comemora\u00e7\u00e3o ao dia das crian\u00e7as. Nesta edi\u00e7\u00e3o, a programa\u00e7\u00e3o est\u00e1 repleta de divers\u00e3o e atra\u00e7\u00f5es culturais para toda a fam\u00edlia! O evento acontece no domingo, no dia 13 de outubro, das 15h \u00e0s 18h, no Largo do Planet\u00e1rio<\/p>\n\n\n\n<p>Voc\u00ea pode conferir a programa\u00e7\u00e3o completa no Instagram, @ufsm.br ou no site www.ufsm.br<\/span><\/span><\/span><\/span><\/p>\n","protected":false},"excerpt":{"rendered":"<p>Confira as dicas culturais desse fim de semana, dos dias 11, 12 e 13 de outubro. Dica 1 Neste s\u00e1bado, acontece a festa do dia das crian\u00e7as na sede campestre da Assufsm. O evento come\u00e7a \u00e0s 14 horas e vai at\u00e9 as 18 horas. A alegria da crian\u00e7ada estar\u00e1 garantida com pula-pula, piscina de bolinhas [&hellip;]<\/p>\n","protected":false},"author":4,"featured_media":18371,"comment_status":"open","ping_status":"open","sticky":false,"template":"","format":"standard","meta":{"footnotes":""},"categories":[14],"tags":[],"class_list":["post-18370","post","type-post","status-publish","format-standard","has-post-thumbnail","hentry","category-geral"],"_links":{"self":[{"href":"https:\/\/cta.clst17.mxpr.email.pecoraricloud.com.br\/~assufsmcom\/wp-json\/wp\/v2\/posts\/18370","targetHints":{"allow":["GET"]}}],"collection":[{"href":"https:\/\/cta.clst17.mxpr.email.pecoraricloud.com.br\/~assufsmcom\/wp-json\/wp\/v2\/posts"}],"about":[{"href":"https:\/\/cta.clst17.mxpr.email.pecoraricloud.com.br\/~assufsmcom\/wp-json\/wp\/v2\/types\/post"}],"author":[{"embeddable":true,"href":"https:\/\/cta.clst17.mxpr.email.pecoraricloud.com.br\/~assufsmcom\/wp-json\/wp\/v2\/users\/4"}],"replies":[{"embeddable":true,"href":"https:\/\/cta.clst17.mxpr.email.pecoraricloud.com.br\/~assufsmcom\/wp-json\/wp\/v2\/comments?post=18370"}],"version-history":[{"count":1,"href":"https:\/\/cta.clst17.mxpr.email.pecoraricloud.com.br\/~assufsmcom\/wp-json\/wp\/v2\/posts\/18370\/revisions"}],"predecessor-version":[{"id":27855,"href":"https:\/\/cta.clst17.mxpr.email.pecoraricloud.com.br\/~assufsmcom\/wp-json\/wp\/v2\/posts\/18370\/revisions\/27855"}],"wp:featuredmedia":[{"embeddable":true,"href":"https:\/\/cta.clst17.mxpr.email.pecoraricloud.com.br\/~assufsmcom\/wp-json\/wp\/v2\/media\/18371"}],"wp:attachment":[{"href":"https:\/\/cta.clst17.mxpr.email.pecoraricloud.com.br\/~assufsmcom\/wp-json\/wp\/v2\/media?parent=18370"}],"wp:term":[{"taxonomy":"category","embeddable":true,"href":"https:\/\/cta.clst17.mxpr.email.pecoraricloud.com.br\/~assufsmcom\/wp-json\/wp\/v2\/categories?post=18370"},{"taxonomy":"post_tag","embeddable":true,"href":"https:\/\/cta.clst17.mxpr.email.pecoraricloud.com.br\/~assufsmcom\/wp-json\/wp\/v2\/tags?post=18370"}],"curies":[{"name":"wp","href":"https:\/\/api.w.org\/{rel}","templated":true}]}}