{"id":18381,"date":"2024-10-11T17:03:45","date_gmt":"2024-10-11T20:03:45","guid":{"rendered":"https:\/\/cta.clst17.mxpr.email.pecoraricloud.com.br\/~assufsmcom\/2024\/10\/11\/gt-carreira-da-assufsm-debate-sobre-micro-e-macrocargos-na-manha-de-sexta-11\/"},"modified":"2026-04-01T11:30:55","modified_gmt":"2026-04-01T14:30:55","slug":"gt-carreira-da-assufsm-debate-sobre-micro-e-macrocargos-na-manha-de-sexta-11","status":"publish","type":"post","link":"https:\/\/cta.clst17.mxpr.email.pecoraricloud.com.br\/~assufsmcom\/2024\/10\/11\/gt-carreira-da-assufsm-debate-sobre-micro-e-macrocargos-na-manha-de-sexta-11\/","title":{"rendered":"GT Carreira da Assufsm debate sobre micro e macrocargos na manh\u00e3 de sexta (11)"},"content":{"rendered":"\n<span dir=\"auto\" style=\"vertical-align: inherit;\"><span dir=\"auto\" style=\"vertical-align: inherit;\"><span dir=\"auto\" style=\"vertical-align: inherit;\"><span dir=\"auto\" style=\"vertical-align: inherit;\">Na manh\u00e3 dessa sexta-feira (11), o GT Carreira da Assufsm esteve reunido no Audit\u00f3rio do pr\u00e9dio 74C, no CCSH, para debater sobre a carreira TAE. Mesmo com baixa ades\u00e3o, o qu\u00f3rum pode debater, tirar d\u00favidas e come\u00e7ar a estudar sobre as macro e microcarreiras que est\u00e3o colocadas no relat\u00f3rio da Comiss\u00e3o Nacional de Supervis\u00e3o da Carreira dos Cargos T\u00e9cnico-Administrativos em Educa\u00e7\u00e3o (CNSC) e vem sendo debatidos tamb\u00e9m no acordo de greve.\n\nAl\u00e9m disso, o informe de dire\u00e7\u00e3o 3 da FASUBRA, onde consta o relat\u00f3rio dos GTs do Semin\u00e1rio de Carreira da federa\u00e7\u00e3o, que ocorreu nos dias 26 e 27 de setembro tamb\u00e9m foi lido durante a reuni\u00e3o (<a href=\"https:\/\/drive.google.com\/file\/d\/10uPyvhxhX_SRbLKN76UW2vICDj5QQ1fv\/view\"><strong>veja aqui<\/strong><\/a>).\n<p style=\"text-align: left;\">Foi encaminhado ent\u00e3o que a Comiss\u00e3o Especial ir\u00e1 se reunir na <strong>segunda-feira (14), \u00e0s 9h, na Sala 300, da CIS<\/strong>, no terceiro andar do pr\u00e9dio da Reitoria para construir o material que ser\u00e1 apresentado no Semin\u00e1rio de Carreira da Assufsm, que ocorrer\u00e1 no dia 15 de outubro, com hor\u00e1rio e local \u00e0 definir, durante a paralisa\u00e7\u00e3o de 48h do funcionalismo p\u00fablico, tirada em Assembleia da categoria (<a href=\"https:\/\/lightyellow-giraffe-227747.hostingersite.com\/assembleia-geral-da-assufsm-aprova-paralisacao-de-48h-por-unanimidade-e-propoe-acoes-de-debate-sobre-carreira-tae\/\"><strong>veja aqui<\/strong><\/a>). A reuni\u00e3o tamb\u00e9m \u00e9 aberta \u00e0 TAEs que desejarem participar do debate e quiserem somar-se na comiss\u00e3o.<\/p>\nVeja mais fotos <a href=\"https:\/\/www.facebook.com\/media\/set\/?set=a.967301288775252&amp;type=3\"><strong>clicando aqui<\/strong><\/a>.\n\nTAE, participe das atividades do seu sindicato!<\/span><\/span><\/span><\/span>\n","protected":false},"excerpt":{"rendered":"<p>Na manh\u00e3 dessa sexta-feira (11), o GT Carreira da Assufsm esteve reunido no Audit\u00f3rio do pr\u00e9dio 74C, no CCSH, para debater sobre a carreira TAE. Mesmo com baixa ades\u00e3o, o qu\u00f3rum pode debater, tirar d\u00favidas e come\u00e7ar a estudar sobre as macro e microcarreiras que est\u00e3o colocadas no relat\u00f3rio da Comiss\u00e3o Nacional de Supervis\u00e3o da [&hellip;]<\/p>\n","protected":false},"author":4,"featured_media":18382,"comment_status":"open","ping_status":"open","sticky":false,"template":"","format":"standard","meta":{"footnotes":""},"categories":[14],"tags":[],"class_list":["post-18381","post","type-post","status-publish","format-standard","has-post-thumbnail","hentry","category-geral"],"_links":{"self":[{"href":"https:\/\/cta.clst17.mxpr.email.pecoraricloud.com.br\/~assufsmcom\/wp-json\/wp\/v2\/posts\/18381","targetHints":{"allow":["GET"]}}],"collection":[{"href":"https:\/\/cta.clst17.mxpr.email.pecoraricloud.com.br\/~assufsmcom\/wp-json\/wp\/v2\/posts"}],"about":[{"href":"https:\/\/cta.clst17.mxpr.email.pecoraricloud.com.br\/~assufsmcom\/wp-json\/wp\/v2\/types\/post"}],"author":[{"embeddable":true,"href":"https:\/\/cta.clst17.mxpr.email.pecoraricloud.com.br\/~assufsmcom\/wp-json\/wp\/v2\/users\/4"}],"replies":[{"embeddable":true,"href":"https:\/\/cta.clst17.mxpr.email.pecoraricloud.com.br\/~assufsmcom\/wp-json\/wp\/v2\/comments?post=18381"}],"version-history":[{"count":1,"href":"https:\/\/cta.clst17.mxpr.email.pecoraricloud.com.br\/~assufsmcom\/wp-json\/wp\/v2\/posts\/18381\/revisions"}],"predecessor-version":[{"id":27861,"href":"https:\/\/cta.clst17.mxpr.email.pecoraricloud.com.br\/~assufsmcom\/wp-json\/wp\/v2\/posts\/18381\/revisions\/27861"}],"wp:featuredmedia":[{"embeddable":true,"href":"https:\/\/cta.clst17.mxpr.email.pecoraricloud.com.br\/~assufsmcom\/wp-json\/wp\/v2\/media\/18382"}],"wp:attachment":[{"href":"https:\/\/cta.clst17.mxpr.email.pecoraricloud.com.br\/~assufsmcom\/wp-json\/wp\/v2\/media?parent=18381"}],"wp:term":[{"taxonomy":"category","embeddable":true,"href":"https:\/\/cta.clst17.mxpr.email.pecoraricloud.com.br\/~assufsmcom\/wp-json\/wp\/v2\/categories?post=18381"},{"taxonomy":"post_tag","embeddable":true,"href":"https:\/\/cta.clst17.mxpr.email.pecoraricloud.com.br\/~assufsmcom\/wp-json\/wp\/v2\/tags?post=18381"}],"curies":[{"name":"wp","href":"https:\/\/api.w.org\/{rel}","templated":true}]}}