{"id":18385,"date":"2024-10-11T17:52:45","date_gmt":"2024-10-11T20:52:45","guid":{"rendered":"https:\/\/cta.clst17.mxpr.email.pecoraricloud.com.br\/~assufsmcom\/2024\/10\/11\/fasubra-sindical-participa-de-reuniao-com-a-ebserh\/"},"modified":"2026-04-01T11:30:55","modified_gmt":"2026-04-01T14:30:55","slug":"fasubra-sindical-participa-de-reuniao-com-a-ebserh","status":"publish","type":"post","link":"https:\/\/cta.clst17.mxpr.email.pecoraricloud.com.br\/~assufsmcom\/2024\/10\/11\/fasubra-sindical-participa-de-reuniao-com-a-ebserh\/","title":{"rendered":"Fasubra Sindical participa de reuni\u00e3o com a EBSERH"},"content":{"rendered":"\n<p><span dir=\"auto\" style=\"vertical-align: inherit;\"><span dir=\"auto\" style=\"vertical-align: inherit;\"><span dir=\"auto\" style=\"vertical-align: inherit;\"><span dir=\"auto\" style=\"vertical-align: inherit;\">Foi realizada na tarde desta quinta-feira(10) uma reuni\u00e3o entre os dirigentes da Fasubra Sindical e a presid\u00eancia da EBSERH.<br>Foram abordados temas centrais relacionados \u00e0 gest\u00e3o dos hospitais universit\u00e1rios federais. A principal pauta defendida pela entidade \u00e9 a democratiza\u00e7\u00e3o da gest\u00e3o hospitalar, alinhada aos princ\u00edpios do SUS. A Fasubra prop\u00f4s a elei\u00e7\u00e3o democr\u00e1tica das superintend\u00eancias locais e a cria\u00e7\u00e3o de conselhos gestores com a participa\u00e7\u00e3o ativa de diferentes segmentos da comunidade universit\u00e1ria, incluindo docentes, t\u00e9cnicos, trabalhadores e estudantes.<br>Outro ponto levantado foi a preocupa\u00e7\u00e3o com a precariza\u00e7\u00e3o das condi\u00e7\u00f5es de trabalho, especialmente devido \u00e0 expans\u00e3o f\u00edsica das unidades hospitalares sem a correspondente amplia\u00e7\u00e3o da for\u00e7a de trabalho. A Fasubra tamb\u00e9m ressaltou a import\u00e2ncia de melhorias nos direitos trabalhistas, capacita\u00e7\u00e3o cont\u00ednua e condi\u00e7\u00f5es adequadas de sa\u00fade e seguran\u00e7a para os trabalhadores regidos pelo Regime Jur\u00eddico \u00danico (RJU).<br>A EBSERH tem se mostrado aberta a discutir v\u00e1rias demandas da Fasubra, incluindo a quest\u00e3o da democratiza\u00e7\u00e3o da gest\u00e3o dos hospitais universit\u00e1rios. No entanto, a empresa ainda n\u00e3o adotou totalmente a proposta da entidade sobre a elei\u00e7\u00e3o democr\u00e1tica das superintend\u00eancias hospitalares. A Fasubra defende que a gest\u00e3o dos hospitais seja mais participativa, com elei\u00e7\u00f5es para as superintend\u00eancias envolvendo docentes, t\u00e9cnicos, trabalhadores e estudantes, e a cria\u00e7\u00e3o de conselhos gestores deliberativos que se reuniriam regularmente.<\/p>\n\n\n\n<p>Embora a EBSERH tenha se mostrado disposta a dialogar e construir uma agenda conjunta para melhorar as condi\u00e7\u00f5es de trabalho e gest\u00e3o nos hospitais, n\u00e3o h\u00e1 indica\u00e7\u00e3o clara de que a empresa aceite plenamente a proposta de democratiza\u00e7\u00e3o da gest\u00e3o conforme apresentada pela FASUBRA. As negocia\u00e7\u00f5es continuam, e a FASUBRA tem pressionado para que essa democratiza\u00e7\u00e3o seja implementada em alinhamento com os princ\u00edpios do SUS.<br>Ficou agendada uma nova reuni\u00e3o para o dia 9 de dezembro de 2024.<\/p>\n\n\n\n<p>A comitiva da Fasubra foi composta pelos dirigentes:<br>M\u00e1rio Junior<br>Eur\u00eddice Ferreira<br>Melissa Elaine Campos<br>M\u00e1rcia Abreu<br>Maria Teresa Fuji<br>Bianca Zupirolli<br>Jo\u00e3o Daniel<br>Lenilson Santana<br>Gl\u00e1ucia Vi\u00f1as<br>Crizolda Araujo<\/span><\/span><\/span><\/span><\/p>\n","protected":false},"excerpt":{"rendered":"<p>Foi realizada na tarde desta quinta-feira(10) uma reuni\u00e3o entre os dirigentes da Fasubra Sindical e a presid\u00eancia da EBSERH.Foram abordados temas centrais relacionados \u00e0 gest\u00e3o dos hospitais universit\u00e1rios federais. A principal pauta defendida pela entidade \u00e9 a democratiza\u00e7\u00e3o da gest\u00e3o hospitalar, alinhada aos princ\u00edpios do SUS. A Fasubra prop\u00f4s a elei\u00e7\u00e3o democr\u00e1tica das superintend\u00eancias locais [&hellip;]<\/p>\n","protected":false},"author":4,"featured_media":18386,"comment_status":"open","ping_status":"open","sticky":false,"template":"","format":"standard","meta":{"footnotes":""},"categories":[14],"tags":[],"class_list":["post-18385","post","type-post","status-publish","format-standard","has-post-thumbnail","hentry","category-geral"],"_links":{"self":[{"href":"https:\/\/cta.clst17.mxpr.email.pecoraricloud.com.br\/~assufsmcom\/wp-json\/wp\/v2\/posts\/18385","targetHints":{"allow":["GET"]}}],"collection":[{"href":"https:\/\/cta.clst17.mxpr.email.pecoraricloud.com.br\/~assufsmcom\/wp-json\/wp\/v2\/posts"}],"about":[{"href":"https:\/\/cta.clst17.mxpr.email.pecoraricloud.com.br\/~assufsmcom\/wp-json\/wp\/v2\/types\/post"}],"author":[{"embeddable":true,"href":"https:\/\/cta.clst17.mxpr.email.pecoraricloud.com.br\/~assufsmcom\/wp-json\/wp\/v2\/users\/4"}],"replies":[{"embeddable":true,"href":"https:\/\/cta.clst17.mxpr.email.pecoraricloud.com.br\/~assufsmcom\/wp-json\/wp\/v2\/comments?post=18385"}],"version-history":[{"count":1,"href":"https:\/\/cta.clst17.mxpr.email.pecoraricloud.com.br\/~assufsmcom\/wp-json\/wp\/v2\/posts\/18385\/revisions"}],"predecessor-version":[{"id":27863,"href":"https:\/\/cta.clst17.mxpr.email.pecoraricloud.com.br\/~assufsmcom\/wp-json\/wp\/v2\/posts\/18385\/revisions\/27863"}],"wp:featuredmedia":[{"embeddable":true,"href":"https:\/\/cta.clst17.mxpr.email.pecoraricloud.com.br\/~assufsmcom\/wp-json\/wp\/v2\/media\/18386"}],"wp:attachment":[{"href":"https:\/\/cta.clst17.mxpr.email.pecoraricloud.com.br\/~assufsmcom\/wp-json\/wp\/v2\/media?parent=18385"}],"wp:term":[{"taxonomy":"category","embeddable":true,"href":"https:\/\/cta.clst17.mxpr.email.pecoraricloud.com.br\/~assufsmcom\/wp-json\/wp\/v2\/categories?post=18385"},{"taxonomy":"post_tag","embeddable":true,"href":"https:\/\/cta.clst17.mxpr.email.pecoraricloud.com.br\/~assufsmcom\/wp-json\/wp\/v2\/tags?post=18385"}],"curies":[{"name":"wp","href":"https:\/\/api.w.org\/{rel}","templated":true}]}}