{"id":18392,"date":"2024-10-14T16:11:20","date_gmt":"2024-10-14T19:11:20","guid":{"rendered":"https:\/\/cta.clst17.mxpr.email.pecoraricloud.com.br\/~assufsmcom\/2024\/10\/14\/festa-de-dia-das-crincas-da-assufsm-tem-alta-adesao-muita-brincadeira-e-diversao\/"},"modified":"2026-04-01T11:30:54","modified_gmt":"2026-04-01T14:30:54","slug":"festa-de-dia-das-crincas-da-assufsm-tem-alta-adesao-muita-brincadeira-e-diversao","status":"publish","type":"post","link":"https:\/\/cta.clst17.mxpr.email.pecoraricloud.com.br\/~assufsmcom\/2024\/10\/14\/festa-de-dia-das-crincas-da-assufsm-tem-alta-adesao-muita-brincadeira-e-diversao\/","title":{"rendered":"Festa de Dia das Crian\u00e7as da Assufsm tem alta ades\u00e3o, muita brincadeira e divers\u00e3o"},"content":{"rendered":"\n<p><span dir=\"auto\" style=\"vertical-align: inherit;\"><span dir=\"auto\" style=\"vertical-align: inherit;\"><span dir=\"auto\" style=\"vertical-align: inherit;\"><span dir=\"auto\" style=\"vertical-align: inherit;\">No dia 12 de outubro a Sede Campestre da Assufsm foi palco da tradicional Festa de dia das Crian\u00e7as. Com um sol brilhante e um c\u00e9u azul, as crian\u00e7as puderam desfrutar do seu dia com muita alegria, divers\u00e3o, brincadeiras, muito doce e amizade, a ess\u00eancia da inf\u00e2ncia.<\/p>\n\n\n\n<p>A sede da Assufsm foi equipada com brinquedos infl\u00e1veis, pula-pula, piscina de bolinhas, escorregador, barraca de pipoca, crepe e algod\u00e3o-doce e, claro, a Alice no pa\u00eds das maravilhas para encantar ainda mais esse mundo m\u00e1gico da inf\u00e2ncia.<\/p>\n\n\n\n<p>Durante a tarde, as crian\u00e7as puderam, al\u00e9m das brincadeiras, pintar o rosto dos mais diversos personagens e temas que desejassem e os respons\u00e1veis tamb\u00e9m puderam aproveitar a tarde juntinho de suas crian\u00e7as.<\/p>\n\n\n\n<p>No v\u00eddeo, voc\u00ea escuta o que as crian\u00e7as acharam da festa, com a Tain\u00e1, filha da Coordenadora Suplente Silvia Silva, com o Ernesto e o Joaquim, filho e sobrinho, respectivamente, da Coordenadora Geral Alessandra Alfaro.<\/p>\n\n\n\n<p>Veja como foi a tarde de divers\u00e3o, <a href=\"https:\/\/www.facebook.com\/media\/set\/?set=a.969746841864030&amp;type=3\"><strong>clicando aqui<\/strong><\/a>.<\/p>\n\n\n\n<p>Veja o depoimento das crian\u00e7as que participaram da festa, <strong><a href=\"https:\/\/www.instagram.com\/p\/DBHEVxySetH\/\">clicando aqui<\/a><\/strong>.<\/p>\n\n\n\n<p>TAE, participe das a\u00e7\u00f5es do seu sindicato!<\/span><\/span><\/span><\/span><\/p>\n","protected":false},"excerpt":{"rendered":"<p>No dia 12 de outubro a Sede Campestre da Assufsm foi palco da tradicional Festa de dia das Crian\u00e7as. Com um sol brilhante e um c\u00e9u azul, as crian\u00e7as puderam desfrutar do seu dia com muita alegria, divers\u00e3o, brincadeiras, muito doce e amizade, a ess\u00eancia da inf\u00e2ncia. A sede da Assufsm foi equipada com brinquedos [&hellip;]<\/p>\n","protected":false},"author":4,"featured_media":18393,"comment_status":"open","ping_status":"open","sticky":false,"template":"","format":"standard","meta":{"footnotes":""},"categories":[14],"tags":[],"class_list":["post-18392","post","type-post","status-publish","format-standard","has-post-thumbnail","hentry","category-geral"],"_links":{"self":[{"href":"https:\/\/cta.clst17.mxpr.email.pecoraricloud.com.br\/~assufsmcom\/wp-json\/wp\/v2\/posts\/18392","targetHints":{"allow":["GET"]}}],"collection":[{"href":"https:\/\/cta.clst17.mxpr.email.pecoraricloud.com.br\/~assufsmcom\/wp-json\/wp\/v2\/posts"}],"about":[{"href":"https:\/\/cta.clst17.mxpr.email.pecoraricloud.com.br\/~assufsmcom\/wp-json\/wp\/v2\/types\/post"}],"author":[{"embeddable":true,"href":"https:\/\/cta.clst17.mxpr.email.pecoraricloud.com.br\/~assufsmcom\/wp-json\/wp\/v2\/users\/4"}],"replies":[{"embeddable":true,"href":"https:\/\/cta.clst17.mxpr.email.pecoraricloud.com.br\/~assufsmcom\/wp-json\/wp\/v2\/comments?post=18392"}],"version-history":[{"count":1,"href":"https:\/\/cta.clst17.mxpr.email.pecoraricloud.com.br\/~assufsmcom\/wp-json\/wp\/v2\/posts\/18392\/revisions"}],"predecessor-version":[{"id":27867,"href":"https:\/\/cta.clst17.mxpr.email.pecoraricloud.com.br\/~assufsmcom\/wp-json\/wp\/v2\/posts\/18392\/revisions\/27867"}],"wp:featuredmedia":[{"embeddable":true,"href":"https:\/\/cta.clst17.mxpr.email.pecoraricloud.com.br\/~assufsmcom\/wp-json\/wp\/v2\/media\/18393"}],"wp:attachment":[{"href":"https:\/\/cta.clst17.mxpr.email.pecoraricloud.com.br\/~assufsmcom\/wp-json\/wp\/v2\/media?parent=18392"}],"wp:term":[{"taxonomy":"category","embeddable":true,"href":"https:\/\/cta.clst17.mxpr.email.pecoraricloud.com.br\/~assufsmcom\/wp-json\/wp\/v2\/categories?post=18392"},{"taxonomy":"post_tag","embeddable":true,"href":"https:\/\/cta.clst17.mxpr.email.pecoraricloud.com.br\/~assufsmcom\/wp-json\/wp\/v2\/tags?post=18392"}],"curies":[{"name":"wp","href":"https:\/\/api.w.org\/{rel}","templated":true}]}}