{"id":18400,"date":"2024-10-14T17:55:37","date_gmt":"2024-10-14T20:55:37","guid":{"rendered":"https:\/\/cta.clst17.mxpr.email.pecoraricloud.com.br\/~assufsmcom\/2024\/10\/14\/representantes-da-assufsm-participam-do-30o-seminario-nacional-de-seguranca-das-ifes-e-ebtts\/"},"modified":"2026-04-01T11:30:54","modified_gmt":"2026-04-01T14:30:54","slug":"representantes-da-assufsm-participam-do-30o-seminario-nacional-de-seguranca-das-ifes-e-ebtts","status":"publish","type":"post","link":"https:\/\/cta.clst17.mxpr.email.pecoraricloud.com.br\/~assufsmcom\/2024\/10\/14\/representantes-da-assufsm-participam-do-30o-seminario-nacional-de-seguranca-das-ifes-e-ebtts\/","title":{"rendered":"Representantes da Assufsm participam do 30\u00ba Semin\u00e1rio Nacional de Seguran\u00e7a das IFES e EBTTs"},"content":{"rendered":"\n<span dir=\"auto\" style=\"vertical-align: inherit;\"><span dir=\"auto\" style=\"vertical-align: inherit;\"><span dir=\"auto\" style=\"vertical-align: inherit;\"><span dir=\"auto\" style=\"vertical-align: inherit;\">Iniciou nesta segunda-feira a programa\u00e7\u00e3o do 30\u00ba Semin\u00e1rio Nacional de Seguran\u00e7a das IFES e EBTTs na UFPE, em Recife, no estado de Pernambuco. Pela manh\u00e3, houve uma apresenta\u00e7\u00e3o cultural especial do Afox\u00e9 Alafin Oy\u00f3, patrim\u00f4nio cultural vivo de Pernambuco, para os participantes. Integram a comitiva representante da Assufsm Paulo Voigt, Cezar Machado, Sandro Timm e Dino Sim\u00f5es como delegados e representando a dire\u00e7\u00e3o o coordenador-geral da Assufsm Ciro Oliveira, como observador.\n\nA intensa programa\u00e7\u00e3o vai at\u00e9 o dia 18 de outubro.\n\nNa tarde desta segunda, foi lido o regulamento do evento e colocado pontos em vota\u00e7\u00e3o.\n\nConfira a programa\u00e7\u00e3o completa <a href=\"https:\/\/www.ufpe.br\/agencia\/noticias\/-\/asset_publisher\/dlhi8nsrz4hK\/content\/xxx-seminario-nacional-da-seguranca-das-ifes-e-ebtts-acontece-de-14-a-18-deste-mes\/40615\">aqui<\/a>.\n\n&nbsp;\n\n<img fetchpriority=\"high\" decoding=\"async\" class=\"alignnone  wp-image-26963\" src=\"https:\/\/cta.clst17.mxpr.email.pecoraricloud.com.br\/~assufsmcom\/wp-content\/uploads\/2026\/03\/seminario-seguranca.jpg\" alt=\"\" width=\"428\" height=\"571\" \/>\n\n&nbsp;\n\n<img decoding=\"async\" class=\"alignnone  wp-image-26964\" src=\"https:\/\/cta.clst17.mxpr.email.pecoraricloud.com.br\/~assufsmcom\/wp-content\/uploads\/2026\/03\/abertura-seguranca.jpg\" alt=\"\" width=\"406\" height=\"541\" \/>\n<h4>Com informa\u00e7\u00f5es da coordena\u00e7\u00e3o da Assufsm<\/h4><\/span><\/span><\/span><\/span>\n","protected":false},"excerpt":{"rendered":"<p>Iniciou nesta segunda-feira a programa\u00e7\u00e3o do 30\u00ba Semin\u00e1rio Nacional de Seguran\u00e7a das IFES e EBTTs na UFPE, em Recife, no estado de Pernambuco. Pela manh\u00e3, houve uma apresenta\u00e7\u00e3o cultural especial do Afox\u00e9 Alafin Oy\u00f3, patrim\u00f4nio cultural vivo de Pernambuco, para os participantes. Integram a comitiva representante da Assufsm Paulo Voigt, Cezar Machado, Sandro Timm e [&hellip;]<\/p>\n","protected":false},"author":4,"featured_media":18401,"comment_status":"open","ping_status":"open","sticky":false,"template":"","format":"standard","meta":{"footnotes":""},"categories":[14],"tags":[],"class_list":["post-18400","post","type-post","status-publish","format-standard","has-post-thumbnail","hentry","category-geral"],"_links":{"self":[{"href":"https:\/\/cta.clst17.mxpr.email.pecoraricloud.com.br\/~assufsmcom\/wp-json\/wp\/v2\/posts\/18400","targetHints":{"allow":["GET"]}}],"collection":[{"href":"https:\/\/cta.clst17.mxpr.email.pecoraricloud.com.br\/~assufsmcom\/wp-json\/wp\/v2\/posts"}],"about":[{"href":"https:\/\/cta.clst17.mxpr.email.pecoraricloud.com.br\/~assufsmcom\/wp-json\/wp\/v2\/types\/post"}],"author":[{"embeddable":true,"href":"https:\/\/cta.clst17.mxpr.email.pecoraricloud.com.br\/~assufsmcom\/wp-json\/wp\/v2\/users\/4"}],"replies":[{"embeddable":true,"href":"https:\/\/cta.clst17.mxpr.email.pecoraricloud.com.br\/~assufsmcom\/wp-json\/wp\/v2\/comments?post=18400"}],"version-history":[{"count":3,"href":"https:\/\/cta.clst17.mxpr.email.pecoraricloud.com.br\/~assufsmcom\/wp-json\/wp\/v2\/posts\/18400\/revisions"}],"predecessor-version":[{"id":27872,"href":"https:\/\/cta.clst17.mxpr.email.pecoraricloud.com.br\/~assufsmcom\/wp-json\/wp\/v2\/posts\/18400\/revisions\/27872"}],"wp:featuredmedia":[{"embeddable":true,"href":"https:\/\/cta.clst17.mxpr.email.pecoraricloud.com.br\/~assufsmcom\/wp-json\/wp\/v2\/media\/18401"}],"wp:attachment":[{"href":"https:\/\/cta.clst17.mxpr.email.pecoraricloud.com.br\/~assufsmcom\/wp-json\/wp\/v2\/media?parent=18400"}],"wp:term":[{"taxonomy":"category","embeddable":true,"href":"https:\/\/cta.clst17.mxpr.email.pecoraricloud.com.br\/~assufsmcom\/wp-json\/wp\/v2\/categories?post=18400"},{"taxonomy":"post_tag","embeddable":true,"href":"https:\/\/cta.clst17.mxpr.email.pecoraricloud.com.br\/~assufsmcom\/wp-json\/wp\/v2\/tags?post=18400"}],"curies":[{"name":"wp","href":"https:\/\/api.w.org\/{rel}","templated":true}]}}