{"id":18417,"date":"2024-10-16T15:15:55","date_gmt":"2024-10-16T18:15:55","guid":{"rendered":"https:\/\/cta.clst17.mxpr.email.pecoraricloud.com.br\/~assufsmcom\/2024\/10\/16\/primeiro-dia-do-xi-encontro-nacional-de-aposentados-a-aposentandos-as-e-pensionistas-da-fasubra-tem-presenca-da-ministra-dos-direitos-humanos-assufsm-participa\/"},"modified":"2026-04-01T11:30:54","modified_gmt":"2026-04-01T14:30:54","slug":"primeiro-dia-do-xi-encontro-nacional-de-aposentados-a-aposentandos-as-e-pensionistas-da-fasubra-tem-presenca-da-ministra-dos-direitos-humanos-assufsm-participa","status":"publish","type":"post","link":"https:\/\/cta.clst17.mxpr.email.pecoraricloud.com.br\/~assufsmcom\/2024\/10\/16\/primeiro-dia-do-xi-encontro-nacional-de-aposentados-a-aposentandos-as-e-pensionistas-da-fasubra-tem-presenca-da-ministra-dos-direitos-humanos-assufsm-participa\/","title":{"rendered":"Primeiro dia do XI Encontro Nacional de Aposentados (a), Aposentandos (as) e Pensionistas da Fasubra tem presen\u00e7a da ministra dos Direitos Humanos; Assufsm participa"},"content":{"rendered":"\n<span dir=\"auto\" style=\"vertical-align: inherit;\"><span dir=\"auto\" style=\"vertical-align: inherit;\"><span dir=\"auto\" style=\"vertical-align: inherit;\"><span dir=\"auto\" style=\"vertical-align: inherit;\">O GT dos Assuntos de Aposentadoria e Pens\u00e3o da Assufsm est\u00e1 participando do XI Encontro Nacional de Aposentados (a), Aposentandos (as) e Pensionistas da Fasubra, em Bras\u00edlia, nos dias 15 e 16 de outubro. Entre os temas centrais discutidos est\u00e3o o Plano de Carreira dos Cargos T\u00e9cnico-Administrativos em Educa\u00e7\u00e3o (PCCTAE), o impacto da greve de 2024 para aposentados, reposicionamento e regras de transi\u00e7\u00e3o para novos enquadramentos, sa\u00fade e qualidade de vida na aposentadoria, e viol\u00eancia contra idosos.\n\nRepresentam a Assufsm os (as) aposentados Loura Silveira, Celso Fialho, V\u00e2nia Paulon, e as coordenadoras da pasta, Eva Machado e Maria Lenir Christo.\n\nLoura destacou as palestras do primeiro dia, sendo uma delas a palestra da ministra dos Direitos Humanos e da Cidadania, Maca\u00e9 Evaristo, que tratou das aposentadorias n\u00e3o preparadas e da necessidade de constru\u00e7\u00e3o de um espa\u00e7o para ocupar as mentes dos que n\u00e3o prepararam a sua aposentadoria. O evento tamb\u00e9m contou com a presen\u00e7a do deputado Reginaldo Veras que abordou o tamanho das fam\u00edlias e a tend\u00eancia de, em 2070, diminuir drasticamente a taxa de natalidade ao ponto de termos mais idosos do que jovens. Alexandre Silva, secret\u00e1rio da ministra Maca\u00e9, falou sobre os golpes contra idosos e as medidas tomadas para combater o problema. Por \u00faltimo, nesta ter\u00e7a-feira, falou a deputada \u00c9rika Kokay explanou sobre a import\u00e2ncia da luta dos aposentados (as) como exemplo de for\u00e7a e regina\u00e7\u00e3o para os novos (as) servidores (as) em uma explana\u00e7\u00e3o de encorajamento digna, destacando o exemplo dos aposentados (as) para todo o pa\u00eds.\n\n<img fetchpriority=\"high\" decoding=\"async\" class=\"alignnone wp-image-26990\" src=\"https:\/\/cta.clst17.mxpr.email.pecoraricloud.com.br\/~assufsmcom\/wp-content\/uploads\/2026\/03\/aposentados-2.jpg\" alt=\"\" width=\"635\" height=\"293\" \/>\n\nPrimeira mesa: dep. \u00c9rica Kokay(PT), dep. Reginaldo Veras(PV), min. de Direitos Humanos Maca\u00e9, suplente da FASUBRA Glaucia e Alexandre Silva, secret\u00e1rio de pol\u00edtica para idosos do Minist\u00e9rio de Direitos humanos, participa\u00e7\u00e3o por teleconfer\u00eancia da coordenadora de aposentadoria Elma Dutra.\n\nCelso Fialho destacou a\u00a0 primeira fala de apresenta\u00e7\u00e3o, da coordenadora Elma Dutra, que por v\u00eddeoconfer\u00eancia saudou a plat\u00e9ia e chamou a ministra Maca\u00e9, o Dep. Reginaldo Veras do PT e a Dep. \u00c9rica Kokay para compor a mesa. A coordenadora Tereza deu a palavra \u00e0 ministra Maca\u00e9, que falou sobre o direito ao envelhecimento no reconhecimento desta gera\u00e7\u00e3o de aposentados pela participa\u00e7\u00e3o da luta pela democratiza\u00e7\u00e3o e da necessidade da participa\u00e7\u00e3o no debate sobre pol\u00edticas p\u00fablicas para o envelhecimento. Ela abordou as pol\u00edticas p\u00fablicas para inclus\u00e3o do idoso em v\u00e1rias \u00e1reas da educa\u00e7\u00e3o, como a digital e a financeira, e apresentou a agenda do minist\u00e9rio: envelhecer no seu tempo, envelhecer em seu territ\u00f3rio e educa\u00e7\u00e3o digital como prote\u00e7\u00e3o patrimonial.\n\nO Dep. Reginaldo Veras(PV-DF) trouxe dados do IBGE, como, por exemplo, a popula\u00e7\u00e3o no Brasil hoje ser de 212 milh\u00f5es, em 2041 ser\u00e1 de 220 milh\u00f5es e em 2070 ser\u00e1 de 179 milh\u00f5es. Como a popula\u00e7\u00e3o est\u00e1 envelhecendo, em 2070 a idade m\u00e9dia ser\u00e1 de 84 anos. Tamb\u00e9m discutiu-se que n\u00e3o h\u00e1 creches para crian\u00e7as e que falta a discuss\u00e3o sobre o espa\u00e7o para os idosos.\n\nAtualmente o deputado e a deputada \u00c9ryka fazem parte de um projeto para idosos no DF que passaram tamb\u00e9m a tratar do idoso em seus mandatos pelo deserto de pol\u00edticos p\u00fablicas do governo Bolsonaro que prejudicou os idosos.\n\nAlexandre, secret\u00e1rio de pol\u00edtica para idosos do Minist\u00e9rio de Direitos Humanos e Cidadania, falou sobre a aposentadoria no governo Lula e as perdas no governo anterior e apresentou o projeto para aposentados e prepara\u00e7\u00e3o. A dire\u00e7\u00e3o da FASUBRA ficou de enviar para as entidades reproduzir em suas bases a Cartinha para prote\u00e7\u00e3o aos golpes digitais. Alexandre falou ainda sobre a diferen\u00e7a nas condi\u00e7\u00f5es s\u00f3cio-econ\u00f4micas e as condi\u00e7\u00f5es de gera\u00e7\u00e3o de viol\u00eancia. Ele convidou a todos a participar das confer\u00eancias sobre grupos sociais e como fazer com que as pol\u00edticas sociais cheguem ao seu territ\u00f3rio.\n\n\u00c9rika Kokay lembrou que os aposentados fizeram a sustenta\u00e7\u00e3o da luta, e quer manter e aumentar os direitos desse segmento a n\u00e3o perder a aposentadoria. Ela homenageou a hist\u00f3ria de luta na constru\u00e7\u00e3o de uma sociedade em que temos direito de nos aposentar.\n\n<img decoding=\"async\" class=\"alignnone wp-image-27002\" src=\"https:\/\/cta.clst17.mxpr.email.pecoraricloud.com.br\/~assufsmcom\/wp-content\/uploads\/2026\/03\/2a-mesa.jpg\" alt=\"\" width=\"791\" height=\"365\" \/>\n\n2\u00b0 mesa: Gra\u00e7a, Vanilda, Glaucia,Tereza, Cristina, Crisouda e Andr\u00e9. Falaram sobre a representa\u00e7\u00e3o dos aposentados e a import\u00e2ncia deste encontro nacional para luta e colocaram sobre o reconhecimento dos aposentados na partipa\u00e7\u00e3o da greve.\n\n<img decoding=\"async\" class=\"alignnone wp-image-27004\" src=\"https:\/\/cta.clst17.mxpr.email.pecoraricloud.com.br\/~assufsmcom\/wp-content\/uploads\/2026\/03\/3a-mesa.jpg\" alt=\"\" width=\"764\" height=\"352\" \/>\n\n3\u00b0mesa. Cristina, Vanilda, Glaucia e\u00a0Tereza\n\nCristina destacou a disposi\u00e7\u00e3o para tirar as d\u00favidas dos 113 dias de greve. Em momento algum a FASUBRA deixou os aposentados de fora, considerando que os ganhos da greve s\u00e3o para todos, abordou o PCCTAE e a greve de 2004. algo que foi implantado em 2005. Ela falou sobre o enquadramento e por que os aposentados (as) foram prejudicados no enquadramento e que esta pauta sempre esteve presente na FASUBRA, estando inclusive na greve de 2024. Esse tamb\u00e9m ser\u00e1 o ponto no ato no MGI, e que tamb\u00e9m ter\u00e1 a hora ficta e plant\u00e3o 12\/60. Tamb\u00e9m importante que saibam que tudo que ser\u00e1 implementado ser\u00e1 a partir do &#8220;E&#8221; e pago tamb\u00e9m aos aposentados (as), ap\u00f3s o ganho de 9% e passa para os 19 padr\u00f5es e se aplica o step de 4%.\n\nVanilda explicou que a mesa do dia 17 relatar\u00e1 toda a negocia\u00e7\u00e3o, dizendo que a greve de 2024 foi muito intensa e temos que ter certeza que os aposentados (as) est\u00e3o dentro das negocia\u00e7\u00f5es e em nem uma mesa teve a exclus\u00e3o do aposentado (a). Ela relatou que a greve teve uma grande pauta com elementos acumulados por anos na FASUBRA, falou da import\u00e2ncia do aposentado (a) na greve e o resultado da greve vai impactar todos n\u00f3s. A greve provou que devemos lutar e que o RSC \u00e9 para todos e n\u00e3o tem entendimento diferente. Ap\u00f3s a interven\u00e7\u00e3o de alguns delegados a Cristina e Evanilda tiraram d\u00favidas da plen\u00e1ria.\n<h4>Texto com informa\u00e7\u00f5es dos delegados da Assufsm.<\/h4><\/span><\/span><\/span><\/span>\n","protected":false},"excerpt":{"rendered":"<p>O GT dos Assuntos de Aposentadoria e Pens\u00e3o da Assufsm est\u00e1 participando do XI Encontro Nacional de Aposentados (a), Aposentandos (as) e Pensionistas da Fasubra, em Bras\u00edlia, nos dias 15 e 16 de outubro. Entre os temas centrais discutidos est\u00e3o o Plano de Carreira dos Cargos T\u00e9cnico-Administrativos em Educa\u00e7\u00e3o (PCCTAE), o impacto da greve de [&hellip;]<\/p>\n","protected":false},"author":4,"featured_media":18418,"comment_status":"open","ping_status":"open","sticky":false,"template":"","format":"standard","meta":{"footnotes":""},"categories":[14],"tags":[],"class_list":["post-18417","post","type-post","status-publish","format-standard","has-post-thumbnail","hentry","category-geral"],"_links":{"self":[{"href":"https:\/\/cta.clst17.mxpr.email.pecoraricloud.com.br\/~assufsmcom\/wp-json\/wp\/v2\/posts\/18417","targetHints":{"allow":["GET"]}}],"collection":[{"href":"https:\/\/cta.clst17.mxpr.email.pecoraricloud.com.br\/~assufsmcom\/wp-json\/wp\/v2\/posts"}],"about":[{"href":"https:\/\/cta.clst17.mxpr.email.pecoraricloud.com.br\/~assufsmcom\/wp-json\/wp\/v2\/types\/post"}],"author":[{"embeddable":true,"href":"https:\/\/cta.clst17.mxpr.email.pecoraricloud.com.br\/~assufsmcom\/wp-json\/wp\/v2\/users\/4"}],"replies":[{"embeddable":true,"href":"https:\/\/cta.clst17.mxpr.email.pecoraricloud.com.br\/~assufsmcom\/wp-json\/wp\/v2\/comments?post=18417"}],"version-history":[{"count":3,"href":"https:\/\/cta.clst17.mxpr.email.pecoraricloud.com.br\/~assufsmcom\/wp-json\/wp\/v2\/posts\/18417\/revisions"}],"predecessor-version":[{"id":27878,"href":"https:\/\/cta.clst17.mxpr.email.pecoraricloud.com.br\/~assufsmcom\/wp-json\/wp\/v2\/posts\/18417\/revisions\/27878"}],"wp:featuredmedia":[{"embeddable":true,"href":"https:\/\/cta.clst17.mxpr.email.pecoraricloud.com.br\/~assufsmcom\/wp-json\/wp\/v2\/media\/18418"}],"wp:attachment":[{"href":"https:\/\/cta.clst17.mxpr.email.pecoraricloud.com.br\/~assufsmcom\/wp-json\/wp\/v2\/media?parent=18417"}],"wp:term":[{"taxonomy":"category","embeddable":true,"href":"https:\/\/cta.clst17.mxpr.email.pecoraricloud.com.br\/~assufsmcom\/wp-json\/wp\/v2\/categories?post=18417"},{"taxonomy":"post_tag","embeddable":true,"href":"https:\/\/cta.clst17.mxpr.email.pecoraricloud.com.br\/~assufsmcom\/wp-json\/wp\/v2\/tags?post=18417"}],"curies":[{"name":"wp","href":"https:\/\/api.w.org\/{rel}","templated":true}]}}