{"id":18424,"date":"2024-10-16T15:28:25","date_gmt":"2024-10-16T18:28:25","guid":{"rendered":"https:\/\/cta.clst17.mxpr.email.pecoraricloud.com.br\/~assufsmcom\/2024\/10\/16\/paralisacao-48h-assembleia-geral-virtual-da-assufsm-retira-delegadosas-e-encaminha-acoes-sobre-carreira-e-mocoes-de-solidariedade\/"},"modified":"2026-04-01T11:30:54","modified_gmt":"2026-04-01T14:30:54","slug":"paralisacao-48h-assembleia-geral-virtual-da-assufsm-retira-delegadosas-e-encaminha-acoes-sobre-carreira-e-mocoes-de-solidariedade","status":"publish","type":"post","link":"https:\/\/cta.clst17.mxpr.email.pecoraricloud.com.br\/~assufsmcom\/2024\/10\/16\/paralisacao-48h-assembleia-geral-virtual-da-assufsm-retira-delegadosas-e-encaminha-acoes-sobre-carreira-e-mocoes-de-solidariedade\/","title":{"rendered":"PARALISA\u00c7\u00c3O 48H: Assembleia Geral Virtual da Assufsm retira delegados(as) e encaminha a\u00e7\u00f5es sobre carreira e mo\u00e7\u00f5es de solidariedade"},"content":{"rendered":"\n<p><span dir=\"auto\" style=\"vertical-align: inherit;\"><span dir=\"auto\" style=\"vertical-align: inherit;\"><span dir=\"auto\" style=\"vertical-align: inherit;\"><span dir=\"auto\" style=\"vertical-align: inherit;\">A Assembleia Geral Virtual da Assufsm, ocorrida na manh\u00e3 de quarta-feira, fechou as atividades da paralisa\u00e7\u00e3o de 48h dos dias 15 e 16 de outubro, chamada pela FASUBRA, em raz\u00e3o do recuo do governo com o an\u00fancio da retirada de 4 pontos que estariam na minuta do Projeto de Lei (acordo de greve): Reposicionamento dos aposentados(as), Cria\u00e7\u00e3o do cargo de auxiliar, a quest\u00e3o da acelera\u00e7\u00e3o, e o RSC.<\/p>\n\n\n\n<p>Lamentavelmente a Assufsm teve sua primeira sala virtual invadida, e a Coordena\u00e7\u00e3o vem a p\u00fablico pedir desculpas pelo transtorno que a categoria vivenciou nessa manh\u00e3. A Assembleia teve que ocorrer em outra sala virtual restrita para a categoria TAE, onde se conseguiu realizar o trabalho da manh\u00e3.<\/p>\n\n\n\n<p>Algumas d\u00favidas foram tiradas e o qu\u00f3rum presente virtualmente pode acompanhar a apresenta\u00e7\u00e3o do material constru\u00eddo durante o Semin\u00e1rio de Carreira da Assufsm, no dia 15 de outubro (<strong><a href=\"https:\/\/lightyellow-giraffe-227747.hostingersite.com\/paralisacao-das-48h-assufsm-realiza-seminario-de-carreira-racionalizacao-dos-cargos\/\">veja aqui<\/a><\/strong>). Ap\u00f3s os debates, foi realizada a retirada de delegados e delegadas para participarem da Plen\u00e1ria Virtual da FASUBRA, ficando definido tr\u00eas representantes da Chapa Reunir sendo os nomes: Andr\u00e9 Comim, Nat\u00e1lia San Martin dos Santos e Paulo Martins; e dois representantes da Chapa Vamos \u00e0 Luta, sendo os nomes: Alessandra Alfaro e Loiva Chansis. Tamb\u00e9m foi encaminhado que o GT Carreira da Assufsm comece os debates sobre a racionaliza\u00e7\u00e3o dos cargos, ap\u00f3s a Plen\u00e1ria Virtual e que se cobre da PROGEP \u00e0 respeito da Hora Ficta e como ser\u00e1 realizado o hor\u00e1rio do recesso de natal e ano novo na UFSM, principalmente para os e as TAEs do HUSM.<\/p>\n\n\n\n<p>Por fim, foram encaminhados os seguintes t\u00f3picos para serem levados \u00e0 Plen\u00e1ria:<\/p>\n\n\n\n<p>&#8211; Cria\u00e7\u00e3o dos cargos amplos de auxiliar em educa\u00e7\u00e3o, t\u00e9cnico em educa\u00e7\u00e3o, analista em educa\u00e7\u00e3o apenas para recuperar os cargos extintos e com provimento impedido;<\/p>\n\n\n\n<p>&#8211; Regras de transi\u00e7\u00e3o para a progress\u00e3o por capacita\u00e7\u00e3o.<\/p>\n\n\n\n<p>Al\u00e9m disso, foi sugerido que as bases realizem uma campanha em defesa da FASUBRA e foi aprovado que a Assufsm divulgue duas Mo\u00e7\u00f5es de Solidariedade: uma aos aposentados(as) da base da FASUBRA, que foram discriminados(as) durante a \u00faltima Plen\u00e1ria, em Bras\u00edlia; e a segunda \u00e0s Coordenadoras Gerais da FASUBRA Cristina Del Papa e Loiva Chansis, onde foram atacadas virtual e pessoalmente. As notas est\u00e3o na integra, abaixo:<\/p>\n\n\n\n<p>Nota 1 &#8211;<\/p>\n\n\n\n<p>*<strong>Mo\u00e7\u00e3o de Apoio aos Aposentados e Aposentadas da Fasubra contra o Etarismo<\/strong>*<\/p>\n\n\n\n<p>N\u00f3s, da ASSUFSM reunidos no Semin\u00e1rio de Carreira, no Pr\u00e9dio16, sala 3282 na UFSM, no dia 15 outubro de 2024,expressamos nosso total apoio aos aposentados e aposentadas TAE&#8217;s e da Federa\u00e7\u00e3o de Sindicatos de Trabalhadores T\u00e9cnico-Administrativos em Institui\u00e7\u00f5es de Ensino Superior (Fasubra) e condenamos veementemente qualquer forma de discrimina\u00e7\u00e3o baseada na idade, conhecida como etarismo.<\/p>\n\n\n\n<p>Reconhecemos o valioso e incans\u00e1vel trabalho realizado por aqueles que dedicaram e dedicam suas vidas ao servi\u00e7o p\u00fablico e \u00e0 educa\u00e7\u00e3o, contribuindo significativamente para o desenvolvimento e bem-estar de nossa sociedade. Os aposentados e aposentadas TAE&#8217;s e da Fasubra merecem nosso respeito, reconhecimento e apoio cont\u00ednuo, independentemente da idade que tenham.<\/p>\n\n\n\n<p>O etarismo \u00e9 uma forma de discrimina\u00e7\u00e3o injusta e prejudicial que viola os direitos humanos e a dignidade das pessoas mais velhas. Comprometemo-nos a combater ativamente o etarismo em todas as suas formas, promovendo a inclus\u00e3o, a diversidade e o respeito m\u00fatuo entre todas as gera\u00e7\u00f5es.<\/p>\n\n\n\n<p>Instamos a Fasubra, as institui\u00e7\u00f5es de ensino superior, os \u00f3rg\u00e3os governamentais e a sociedade em geral a se unirem a n\u00f3s nessa luta contra o etarismo, garantindo que os aposentados e aposentadas sejam tratados com dignidade, justi\u00e7a e igualdade em todos os aspectos da vida.<\/p>\n\n\n\n<p>Assinamos esta mo\u00e7\u00e3o como um compromisso de solidariedade e apoio aos aposentados e aposentadas da Fasubra e de rep\u00fadio ao etarismo.<\/p>\n\n\n\n<p>Nota 2 &#8211;<\/p>\n\n\n\n<p>*<strong>Mo\u00e7\u00e3o de Solidariedade \u00e0s Coordenadoras Gerais da FASUBRA Cristina Del Papa e Loiva Chansis<\/strong>*<\/p>\n\n\n\n<p>A ASSUFSM manifesta solidariedade \u00e0s Coordenadoras da FASUBRA Cristina Del Papa e Loiva Chansis, e repudia os ATAQUES, e a viol\u00eancia pol\u00edtica de g\u00eanero feitos contra \u00e0s coordenadoras por segmentos sectaristas que desejam deturpar o objetivo da Federa\u00e7\u00e3o que \u00e9 representar o conjunto da categoria. A persegui\u00e7\u00e3o \u00e0s coordenadoras, inclusive com a devassa de suas vidas pessoais e falsas imputa\u00e7\u00f5es de crime, \u00e9 inaceit\u00e1vel e precisa ser combatida.<\/p>\n\n\n\n<p>Informes Gerais tamb\u00e9m foram passados no in\u00edcio da Assembleia:<\/p>\n\n\n\n<p>&#8211; FASUBRA participou na tarde do dia 15 da reuni\u00e3o com MGI (<a href=\"https:\/\/fasubra.org.br\/geral\/fasubra-e-isp-participam-de-reuniao-no-ministerio-das-mulheres-para-discutir-a-cswna-manha-desta-terca-feira-15-a-ministra-das-mulheres-aparecida-goncalves-reuniu-se-com-diversas-entidades-do-ter\/\"><strong>veja mais<\/strong><\/a>);<\/p>\n\n\n\n<p>&#8211; Participa\u00e7\u00e3o da base da Assufsm no calend\u00e1rio de lutas da FASUBRA e das atividades dos HUs que ser\u00e1 em novembro, conforme IDs (<a href=\"https:\/\/fasubra.org.br\/arquivos\/informativos\/direcao\/\"><strong>veja aqui<\/strong><\/a>);<\/p>\n\n\n\n<p>&#8211; Participa\u00e7\u00e3o da base da Assufsm no XI Encontro Nacional de Aposentados(as), Aposentandos(as) e Pensionistas, em Bras\u00edlia e no XXX Semin\u00e1rio Nacional de Seguran\u00e7a das IFES e EBTTs, na UFPE.<\/p>\n\n\n\n<p>Confira a apresenta\u00e7\u00e3o, em pdf, utilizada durante a Assembleia cargos amplos <a href=\"https:\/\/drive.google.com\/file\/d\/1WfE-mnzWx5bjP8kZWGqCshkF1-mK-2z4\/view?usp=drive_link\"><strong>clicando aqui<\/strong><\/a>.<\/p>\n\n\n\n<p>Veja toda a grava\u00e7\u00e3o da Assembleia Geral Virtual, <a href=\"https:\/\/drive.google.com\/file\/d\/1xOXkNgsAxWoZHFMJoLHn1R70BDgBiQ0Q\/view?usp=drive_link\"><strong>clicando aqui<\/strong><\/a>.<\/span><\/span><\/span><\/span><\/p>\n","protected":false},"excerpt":{"rendered":"<p>A Assembleia Geral Virtual da Assufsm, ocorrida na manh\u00e3 de quarta-feira, fechou as atividades da paralisa\u00e7\u00e3o de 48h dos dias 15 e 16 de outubro, chamada pela FASUBRA, em raz\u00e3o do recuo do governo com o an\u00fancio da retirada de 4 pontos que estariam na minuta do Projeto de Lei (acordo de greve): Reposicionamento dos [&hellip;]<\/p>\n","protected":false},"author":4,"featured_media":18425,"comment_status":"open","ping_status":"open","sticky":false,"template":"","format":"standard","meta":{"footnotes":""},"categories":[14],"tags":[],"class_list":["post-18424","post","type-post","status-publish","format-standard","has-post-thumbnail","hentry","category-geral"],"_links":{"self":[{"href":"https:\/\/cta.clst17.mxpr.email.pecoraricloud.com.br\/~assufsmcom\/wp-json\/wp\/v2\/posts\/18424","targetHints":{"allow":["GET"]}}],"collection":[{"href":"https:\/\/cta.clst17.mxpr.email.pecoraricloud.com.br\/~assufsmcom\/wp-json\/wp\/v2\/posts"}],"about":[{"href":"https:\/\/cta.clst17.mxpr.email.pecoraricloud.com.br\/~assufsmcom\/wp-json\/wp\/v2\/types\/post"}],"author":[{"embeddable":true,"href":"https:\/\/cta.clst17.mxpr.email.pecoraricloud.com.br\/~assufsmcom\/wp-json\/wp\/v2\/users\/4"}],"replies":[{"embeddable":true,"href":"https:\/\/cta.clst17.mxpr.email.pecoraricloud.com.br\/~assufsmcom\/wp-json\/wp\/v2\/comments?post=18424"}],"version-history":[{"count":1,"href":"https:\/\/cta.clst17.mxpr.email.pecoraricloud.com.br\/~assufsmcom\/wp-json\/wp\/v2\/posts\/18424\/revisions"}],"predecessor-version":[{"id":27880,"href":"https:\/\/cta.clst17.mxpr.email.pecoraricloud.com.br\/~assufsmcom\/wp-json\/wp\/v2\/posts\/18424\/revisions\/27880"}],"wp:featuredmedia":[{"embeddable":true,"href":"https:\/\/cta.clst17.mxpr.email.pecoraricloud.com.br\/~assufsmcom\/wp-json\/wp\/v2\/media\/18425"}],"wp:attachment":[{"href":"https:\/\/cta.clst17.mxpr.email.pecoraricloud.com.br\/~assufsmcom\/wp-json\/wp\/v2\/media?parent=18424"}],"wp:term":[{"taxonomy":"category","embeddable":true,"href":"https:\/\/cta.clst17.mxpr.email.pecoraricloud.com.br\/~assufsmcom\/wp-json\/wp\/v2\/categories?post=18424"},{"taxonomy":"post_tag","embeddable":true,"href":"https:\/\/cta.clst17.mxpr.email.pecoraricloud.com.br\/~assufsmcom\/wp-json\/wp\/v2\/tags?post=18424"}],"curies":[{"name":"wp","href":"https:\/\/api.w.org\/{rel}","templated":true}]}}