{"id":18426,"date":"2024-10-16T16:47:09","date_gmt":"2024-10-16T19:47:09","guid":{"rendered":"https:\/\/cta.clst17.mxpr.email.pecoraricloud.com.br\/~assufsmcom\/2024\/10\/16\/paralisacao-48h-plenaria-virtual-da-assufsm-aprova-mocao-de-solidariedade-as-coordenadoras-gerais-da-fasubra-cristina-del-papa-e-loiva-chansis\/"},"modified":"2026-04-01T11:30:54","modified_gmt":"2026-04-01T14:30:54","slug":"paralisacao-48h-plenaria-virtual-da-assufsm-aprova-mocao-de-solidariedade-as-coordenadoras-gerais-da-fasubra-cristina-del-papa-e-loiva-chansis","status":"publish","type":"post","link":"https:\/\/cta.clst17.mxpr.email.pecoraricloud.com.br\/~assufsmcom\/2024\/10\/16\/paralisacao-48h-plenaria-virtual-da-assufsm-aprova-mocao-de-solidariedade-as-coordenadoras-gerais-da-fasubra-cristina-del-papa-e-loiva-chansis\/","title":{"rendered":"Paralisa\u00e7\u00e3o 48h: Plen\u00e1ria Virtual da Assufsm aprova mo\u00e7\u00e3o de solidariedade \u00e0s Coordenadoras-Gerais da FASUBRA Cristina Del Papa e Loiva Chansis"},"content":{"rendered":"\n<p><span dir=\"auto\" style=\"vertical-align: inherit;\"><span dir=\"auto\" style=\"vertical-align: inherit;\"><span dir=\"auto\" style=\"vertical-align: inherit;\"><span dir=\"auto\" style=\"vertical-align: inherit;\">Na manh\u00e3 desta quarta-feira, durante as atividades de paralis\u00e3o das 48h da categoria dos (as) TAEs, foi aprovada, na assembleia vitual da Assufsm, uma mo\u00e7\u00e3o de solidariedade \u00e0s coordenadoras-gerais da Fasubra, Cristina Del Papa e Loiva Chansis. Elas v\u00eam sofrendo ataques virulentos, falasiosos e que citam inverdades.<\/p>\n\n\n\n<p><strong>Veja a mo\u00e7\u00e3o na \u00edntegra:<\/strong><\/p>\n\n\n\n<p>A ASSUFSM manifesta solidariedade \u00e0s Coordenadoras da FASUBRA Cristina Del Papa e Loiva Chansis, e repudia os ATAQUES, e a viol\u00eancia pol\u00edtica de g\u00eanero feitos contra \u00e0s coordenadoras por segmentos sectaristas que desejam deturpar o objetivo da Federa\u00e7\u00e3o que \u00e9 representar o conjunto da categoria. A persegui\u00e7\u00e3o \u00e0s coordenadoras, inclusive com a devassa de suas vidas pessoais e falsas imputa\u00e7\u00f5es de crime, \u00e9 inaceit\u00e1vel e precisa ser combatida.<\/span><\/span><\/span><\/span><\/p>\n","protected":false},"excerpt":{"rendered":"<p>Na manh\u00e3 desta quarta-feira, durante as atividades de paralis\u00e3o das 48h da categoria dos (as) TAEs, foi aprovada, na assembleia vitual da Assufsm, uma mo\u00e7\u00e3o de solidariedade \u00e0s coordenadoras-gerais da Fasubra, Cristina Del Papa e Loiva Chansis. Elas v\u00eam sofrendo ataques virulentos, falasiosos e que citam inverdades. Veja a mo\u00e7\u00e3o na \u00edntegra: A ASSUFSM manifesta [&hellip;]<\/p>\n","protected":false},"author":4,"featured_media":18427,"comment_status":"open","ping_status":"open","sticky":false,"template":"","format":"standard","meta":{"footnotes":""},"categories":[14],"tags":[],"class_list":["post-18426","post","type-post","status-publish","format-standard","has-post-thumbnail","hentry","category-geral"],"_links":{"self":[{"href":"https:\/\/cta.clst17.mxpr.email.pecoraricloud.com.br\/~assufsmcom\/wp-json\/wp\/v2\/posts\/18426","targetHints":{"allow":["GET"]}}],"collection":[{"href":"https:\/\/cta.clst17.mxpr.email.pecoraricloud.com.br\/~assufsmcom\/wp-json\/wp\/v2\/posts"}],"about":[{"href":"https:\/\/cta.clst17.mxpr.email.pecoraricloud.com.br\/~assufsmcom\/wp-json\/wp\/v2\/types\/post"}],"author":[{"embeddable":true,"href":"https:\/\/cta.clst17.mxpr.email.pecoraricloud.com.br\/~assufsmcom\/wp-json\/wp\/v2\/users\/4"}],"replies":[{"embeddable":true,"href":"https:\/\/cta.clst17.mxpr.email.pecoraricloud.com.br\/~assufsmcom\/wp-json\/wp\/v2\/comments?post=18426"}],"version-history":[{"count":1,"href":"https:\/\/cta.clst17.mxpr.email.pecoraricloud.com.br\/~assufsmcom\/wp-json\/wp\/v2\/posts\/18426\/revisions"}],"predecessor-version":[{"id":27881,"href":"https:\/\/cta.clst17.mxpr.email.pecoraricloud.com.br\/~assufsmcom\/wp-json\/wp\/v2\/posts\/18426\/revisions\/27881"}],"wp:featuredmedia":[{"embeddable":true,"href":"https:\/\/cta.clst17.mxpr.email.pecoraricloud.com.br\/~assufsmcom\/wp-json\/wp\/v2\/media\/18427"}],"wp:attachment":[{"href":"https:\/\/cta.clst17.mxpr.email.pecoraricloud.com.br\/~assufsmcom\/wp-json\/wp\/v2\/media?parent=18426"}],"wp:term":[{"taxonomy":"category","embeddable":true,"href":"https:\/\/cta.clst17.mxpr.email.pecoraricloud.com.br\/~assufsmcom\/wp-json\/wp\/v2\/categories?post=18426"},{"taxonomy":"post_tag","embeddable":true,"href":"https:\/\/cta.clst17.mxpr.email.pecoraricloud.com.br\/~assufsmcom\/wp-json\/wp\/v2\/tags?post=18426"}],"curies":[{"name":"wp","href":"https:\/\/api.w.org\/{rel}","templated":true}]}}