{"id":18428,"date":"2024-10-16T16:57:14","date_gmt":"2024-10-16T19:57:14","guid":{"rendered":"https:\/\/cta.clst17.mxpr.email.pecoraricloud.com.br\/~assufsmcom\/2024\/10\/16\/paralisacao-48h-assembleia-virtual-da-assufsm-aprova-mocao-de-apoio-aos-aposentados-e-aposentadas-da-fasubra-contra-o-etarismo\/"},"modified":"2026-04-01T11:30:54","modified_gmt":"2026-04-01T14:30:54","slug":"paralisacao-48h-assembleia-virtual-da-assufsm-aprova-mocao-de-apoio-aos-aposentados-e-aposentadas-da-fasubra-contra-o-etarismo","status":"publish","type":"post","link":"https:\/\/cta.clst17.mxpr.email.pecoraricloud.com.br\/~assufsmcom\/2024\/10\/16\/paralisacao-48h-assembleia-virtual-da-assufsm-aprova-mocao-de-apoio-aos-aposentados-e-aposentadas-da-fasubra-contra-o-etarismo\/","title":{"rendered":"Paralisa\u00e7\u00e3o 48h: Assembleia Virtual da Assufsm aprova Mo\u00e7\u00e3o de Apoio aos Aposentados e Aposentadas da Fasubra contra o Etarismo"},"content":{"rendered":"\n<p><span dir=\"auto\" style=\"vertical-align: inherit;\"><span dir=\"auto\" style=\"vertical-align: inherit;\"><span dir=\"auto\" style=\"vertical-align: inherit;\"><span dir=\"auto\" style=\"vertical-align: inherit;\">A Assembleia virtual tamb\u00e9m chancelou a Mo\u00e7\u00e3o de Apoio aos Aposentados e Aposentadas da Fasubra contra o Etarismo em decorr\u00eancia dos ataques que os aposentados (as) v\u00eam sofrendo de alguns grupos pol\u00edticos.<\/p>\n\n\n\n<p><strong>Confira a Mo\u00e7\u00e3o na \u00edntegra:<\/strong><\/p>\n\n\n\n<p>N\u00f3s, da ASSUFSM, reunidos no Semin\u00e1rio de Carreira, no Pr\u00e9dio16, sala 3282 na UFSM, no dia 15 outubro de 2024,expressamos nosso total apoio aos aposentados e aposentadas TAE&#8217;s e da Federa\u00e7\u00e3o de Sindicatos de Trabalhadores T\u00e9cnico-Administrativos em Institui\u00e7\u00f5es de Ensino Superior (Fasubra) e condenamos veementemente qualquer forma de discrimina\u00e7\u00e3o baseada na idade, conhecida como etarismo.<\/p>\n\n\n\n<p>Reconhecemos o valioso e incans\u00e1vel trabalho realizado por aqueles que dedicaram e dedicam suas vidas ao servi\u00e7o p\u00fablico e \u00e0 educa\u00e7\u00e3o, contribuindo significativamente para o desenvolvimento e bem-estar de nossa sociedade. Os aposentados e aposentadas TAE&#8217;s e da Fasubra merecem nosso respeito, reconhecimento e apoio cont\u00ednuo, independentemente da idade que tenham.<\/p>\n\n\n\n<p>O etarismo \u00e9 uma forma de discrimina\u00e7\u00e3o injusta e prejudicial que viola os direitos humanos e a dignidade das pessoas mais velhas. Comprometemo-nos a combater ativamente o etarismo em todas as suas formas, promovendo a inclus\u00e3o, a diversidade e o respeito m\u00fatuo entre todas as gera\u00e7\u00f5es.<\/p>\n\n\n\n<p>Instamos a Fasubra, as institui\u00e7\u00f5es de ensino superior, os \u00f3rg\u00e3os governamentais e a sociedade em geral a se unirem a n\u00f3s nessa luta contra o etarismo, garantindo que os aposentados e aposentadas sejam tratados com dignidade, justi\u00e7a e igualdade em todos os aspectos da vida.<\/p>\n\n\n\n<p>Assinamos esta mo\u00e7\u00e3o como um compromisso de solidariedade e apoio aos aposentados e aposentadas da Fasubra e de rep\u00fadio ao etarismo.<\/span><\/span><\/span><\/span><\/p>\n","protected":false},"excerpt":{"rendered":"<p>A Assembleia virtual tamb\u00e9m chancelou a Mo\u00e7\u00e3o de Apoio aos Aposentados e Aposentadas da Fasubra contra o Etarismo em decorr\u00eancia dos ataques que os aposentados (as) v\u00eam sofrendo de alguns grupos pol\u00edticos. Confira a Mo\u00e7\u00e3o na \u00edntegra: N\u00f3s, da ASSUFSM, reunidos no Semin\u00e1rio de Carreira, no Pr\u00e9dio16, sala 3282 na UFSM, no dia 15 outubro [&hellip;]<\/p>\n","protected":false},"author":4,"featured_media":18429,"comment_status":"open","ping_status":"open","sticky":false,"template":"","format":"standard","meta":{"footnotes":""},"categories":[14],"tags":[],"class_list":["post-18428","post","type-post","status-publish","format-standard","has-post-thumbnail","hentry","category-geral"],"_links":{"self":[{"href":"https:\/\/cta.clst17.mxpr.email.pecoraricloud.com.br\/~assufsmcom\/wp-json\/wp\/v2\/posts\/18428","targetHints":{"allow":["GET"]}}],"collection":[{"href":"https:\/\/cta.clst17.mxpr.email.pecoraricloud.com.br\/~assufsmcom\/wp-json\/wp\/v2\/posts"}],"about":[{"href":"https:\/\/cta.clst17.mxpr.email.pecoraricloud.com.br\/~assufsmcom\/wp-json\/wp\/v2\/types\/post"}],"author":[{"embeddable":true,"href":"https:\/\/cta.clst17.mxpr.email.pecoraricloud.com.br\/~assufsmcom\/wp-json\/wp\/v2\/users\/4"}],"replies":[{"embeddable":true,"href":"https:\/\/cta.clst17.mxpr.email.pecoraricloud.com.br\/~assufsmcom\/wp-json\/wp\/v2\/comments?post=18428"}],"version-history":[{"count":1,"href":"https:\/\/cta.clst17.mxpr.email.pecoraricloud.com.br\/~assufsmcom\/wp-json\/wp\/v2\/posts\/18428\/revisions"}],"predecessor-version":[{"id":27882,"href":"https:\/\/cta.clst17.mxpr.email.pecoraricloud.com.br\/~assufsmcom\/wp-json\/wp\/v2\/posts\/18428\/revisions\/27882"}],"wp:featuredmedia":[{"embeddable":true,"href":"https:\/\/cta.clst17.mxpr.email.pecoraricloud.com.br\/~assufsmcom\/wp-json\/wp\/v2\/media\/18429"}],"wp:attachment":[{"href":"https:\/\/cta.clst17.mxpr.email.pecoraricloud.com.br\/~assufsmcom\/wp-json\/wp\/v2\/media?parent=18428"}],"wp:term":[{"taxonomy":"category","embeddable":true,"href":"https:\/\/cta.clst17.mxpr.email.pecoraricloud.com.br\/~assufsmcom\/wp-json\/wp\/v2\/categories?post=18428"},{"taxonomy":"post_tag","embeddable":true,"href":"https:\/\/cta.clst17.mxpr.email.pecoraricloud.com.br\/~assufsmcom\/wp-json\/wp\/v2\/tags?post=18428"}],"curies":[{"name":"wp","href":"https:\/\/api.w.org\/{rel}","templated":true}]}}