{"id":18440,"date":"2024-10-16T19:01:44","date_gmt":"2024-10-16T22:01:44","guid":{"rendered":"https:\/\/cta.clst17.mxpr.email.pecoraricloud.com.br\/~assufsmcom\/2024\/10\/16\/tarde-de-trabalhos-durante-o-xi-encontro-nacional-de-aposentadasos-aposentandosas-e-pensionistas-da-fasubra-na-terca-feira\/"},"modified":"2026-04-01T11:30:54","modified_gmt":"2026-04-01T14:30:54","slug":"tarde-de-trabalhos-durante-o-xi-encontro-nacional-de-aposentadasos-aposentandosas-e-pensionistas-da-fasubra-na-terca-feira","status":"publish","type":"post","link":"https:\/\/cta.clst17.mxpr.email.pecoraricloud.com.br\/~assufsmcom\/2024\/10\/16\/tarde-de-trabalhos-durante-o-xi-encontro-nacional-de-aposentadasos-aposentandosas-e-pensionistas-da-fasubra-na-terca-feira\/","title":{"rendered":"Tarde de trabalhos durante o XI Encontro Nacional de Aposentadas(os), Aposentandos(as) e Pensionistas da FASUBRA na ter\u00e7a-feira"},"content":{"rendered":"\n<span dir=\"auto\" style=\"vertical-align: inherit;\"><span dir=\"auto\" style=\"vertical-align: inherit;\"><span dir=\"auto\" style=\"vertical-align: inherit;\"><span dir=\"auto\" style=\"vertical-align: inherit;\">No per\u00edodo da tarde desta ter\u00e7a-feira (15), durante o XI Encontro Nacional de Aposentadas(os), Aposentandos(as) e Pensionistas da FASUBRA Sindical, a Coordena\u00e7\u00e3o Geral da FASUBRA e a Coordena\u00e7\u00e3o dos Aposentados(as), Aposentandos(as) e Pensionistas representada por Cristina Del Papa, Ivanilda Reis, Glaucia Nunes e Maria Tereza, se reuniram para ouvir os participantes e tirar d\u00favidas, al\u00e9m de passar informes da categoria.\nDurante a sess\u00e3o, aposentados e pensionistas de diversas partes do pa\u00eds compartilharam suas viv\u00eancias, destacando quest\u00f5es relacionadas \u00e0 sa\u00fade, previd\u00eancia, e \u00e0 luta cont\u00ednua por melhores condi\u00e7\u00f5es de vida e valoriza\u00e7\u00e3o da categoria. Os relatos emocionantes trouxeram \u00e0 tona as dificuldades enfrentadas no cotidiano, sobretudo no cen\u00e1rio de mudan\u00e7as nas pol\u00edticas p\u00fablicas e reformas que impactam diretamente o futuro dos trabalhadores\nAs coordenadoras da FASUBRA reafirmaram seu compromisso com a defesa intransigente dos direitos dos aposentados e pensionistas, destacando a import\u00e2ncia do fortalecimento da uni\u00e3o entre todos os setores da categoria. Elas tamb\u00e9m ressaltaram que esse processo de escuta ativa \u00e9 essencial para a constru\u00e7\u00e3o de estrat\u00e9gias conjuntas, que nortear\u00e3o as a\u00e7\u00f5es sindicais e as reivindica\u00e7\u00f5es da Fasubra.\n<h4>Fonte: Fasubra<\/h4><\/span><\/span><\/span><\/span>\n","protected":false},"excerpt":{"rendered":"<p>No per\u00edodo da tarde desta ter\u00e7a-feira (15), durante o XI Encontro Nacional de Aposentadas(os), Aposentandos(as) e Pensionistas da FASUBRA Sindical, a Coordena\u00e7\u00e3o Geral da FASUBRA e a Coordena\u00e7\u00e3o dos Aposentados(as), Aposentandos(as) e Pensionistas representada por Cristina Del Papa, Ivanilda Reis, Glaucia Nunes e Maria Tereza, se reuniram para ouvir os participantes e tirar d\u00favidas, al\u00e9m [&hellip;]<\/p>\n","protected":false},"author":4,"featured_media":18441,"comment_status":"open","ping_status":"open","sticky":false,"template":"","format":"standard","meta":{"footnotes":""},"categories":[14],"tags":[],"class_list":["post-18440","post","type-post","status-publish","format-standard","has-post-thumbnail","hentry","category-geral"],"_links":{"self":[{"href":"https:\/\/cta.clst17.mxpr.email.pecoraricloud.com.br\/~assufsmcom\/wp-json\/wp\/v2\/posts\/18440","targetHints":{"allow":["GET"]}}],"collection":[{"href":"https:\/\/cta.clst17.mxpr.email.pecoraricloud.com.br\/~assufsmcom\/wp-json\/wp\/v2\/posts"}],"about":[{"href":"https:\/\/cta.clst17.mxpr.email.pecoraricloud.com.br\/~assufsmcom\/wp-json\/wp\/v2\/types\/post"}],"author":[{"embeddable":true,"href":"https:\/\/cta.clst17.mxpr.email.pecoraricloud.com.br\/~assufsmcom\/wp-json\/wp\/v2\/users\/4"}],"replies":[{"embeddable":true,"href":"https:\/\/cta.clst17.mxpr.email.pecoraricloud.com.br\/~assufsmcom\/wp-json\/wp\/v2\/comments?post=18440"}],"version-history":[{"count":1,"href":"https:\/\/cta.clst17.mxpr.email.pecoraricloud.com.br\/~assufsmcom\/wp-json\/wp\/v2\/posts\/18440\/revisions"}],"predecessor-version":[{"id":27887,"href":"https:\/\/cta.clst17.mxpr.email.pecoraricloud.com.br\/~assufsmcom\/wp-json\/wp\/v2\/posts\/18440\/revisions\/27887"}],"wp:featuredmedia":[{"embeddable":true,"href":"https:\/\/cta.clst17.mxpr.email.pecoraricloud.com.br\/~assufsmcom\/wp-json\/wp\/v2\/media\/18441"}],"wp:attachment":[{"href":"https:\/\/cta.clst17.mxpr.email.pecoraricloud.com.br\/~assufsmcom\/wp-json\/wp\/v2\/media?parent=18440"}],"wp:term":[{"taxonomy":"category","embeddable":true,"href":"https:\/\/cta.clst17.mxpr.email.pecoraricloud.com.br\/~assufsmcom\/wp-json\/wp\/v2\/categories?post=18440"},{"taxonomy":"post_tag","embeddable":true,"href":"https:\/\/cta.clst17.mxpr.email.pecoraricloud.com.br\/~assufsmcom\/wp-json\/wp\/v2\/tags?post=18440"}],"curies":[{"name":"wp","href":"https:\/\/api.w.org\/{rel}","templated":true}]}}