{"id":18442,"date":"2024-10-16T19:28:40","date_gmt":"2024-10-16T22:28:40","guid":{"rendered":"https:\/\/cta.clst17.mxpr.email.pecoraricloud.com.br\/~assufsmcom\/2024\/10\/16\/saude-e-qualidade-de-vida-sao-temas-centrais-no-segundo-dia-do-xi-encontro-nacional-de-aposentadosas-e-pensionistas-da-fasubra\/"},"modified":"2026-04-01T11:30:54","modified_gmt":"2026-04-01T14:30:54","slug":"saude-e-qualidade-de-vida-sao-temas-centrais-no-segundo-dia-do-xi-encontro-nacional-de-aposentadosas-e-pensionistas-da-fasubra","status":"publish","type":"post","link":"https:\/\/cta.clst17.mxpr.email.pecoraricloud.com.br\/~assufsmcom\/2024\/10\/16\/saude-e-qualidade-de-vida-sao-temas-centrais-no-segundo-dia-do-xi-encontro-nacional-de-aposentadosas-e-pensionistas-da-fasubra\/","title":{"rendered":"Sa\u00fade e qualidade de vida s\u00e3o temas centrais no segundo dia do XI Encontro Nacional de Aposentados(as) e Pensionistas da FASUBRA"},"content":{"rendered":"\n<span dir=\"auto\" style=\"vertical-align: inherit;\"><span dir=\"auto\" style=\"vertical-align: inherit;\"><span dir=\"auto\" style=\"vertical-align: inherit;\"><span dir=\"auto\" style=\"vertical-align: inherit;\">No segundo dia do XI Encontro Nacional de Aposentados(as), Aposentandos(as) e Pensionistas da FASUBRA, realizado no audit\u00f3rio da Adunb em Brasilia, o tema &#8220;Sa\u00fade e qualidade de vida&#8221; foi o destaque que norteou as atividades. A palestra principal ficou a cargo da psic\u00f3loga Maria Helena Concei\u00e7\u00e3o Silveira, que atua na Coordena\u00e7\u00e3o de Sa\u00fade e Qualidade de Vida da Pr\u00f3-Reitoria de Gest\u00e3o de Pessoas da Universidade Federal de Pelotas (UFPEL).\n\nDurante sua apresenta\u00e7\u00e3o, Maria Helena abordou o tema \u201cbem-estar p\u00f3s-carreira\u201d, tema de grande relev\u00e2ncia para o p\u00fablico presente, composto majoritariamente por aposentados, aposentandos e pensionistas ligados \u00e0 educa\u00e7\u00e3o superior p\u00fablica. Ela ressaltou a import\u00e2ncia de planejar essa fase da vida de maneira ativa, cuidando da sa\u00fade mental e f\u00edsica, al\u00e9m de buscar atividades que proporcionem satisfa\u00e7\u00e3o e equil\u00edbrio.\n\nA psic\u00f3loga destacou a necessidade de redefinir o papel social que cada um assume ap\u00f3s deixar a vida profissional ativa. &#8220;A aposentadoria n\u00e3o deve ser encarada como o fim, mas como uma transi\u00e7\u00e3o para novas possibilidades&#8221;, afirmou Maria Helena. Ela tamb\u00e9m abordou quest\u00f5es como a import\u00e2ncia do suporte familiar, das atividades f\u00edsicas regulares e do engajamento em projetos que promovam o desenvolvimento pessoal e social.\n\nO evento, que j\u00e1 est\u00e1 em sua d\u00e9cima primeira edi\u00e7\u00e3o, \u00e9 um espa\u00e7o dedicado \u00e0 discuss\u00e3o dos direitos dos aposentados e pensionistas e \u00e0 promo\u00e7\u00e3o de pol\u00edticas que garantam a qualidade de vida dessa popula\u00e7\u00e3o. Al\u00e9m da palestra, a programa\u00e7\u00e3o inclui debates, e atividades voltadas para o bem-estar e a sa\u00fade integral.\n\nA iniciativa da FASUBRA (Federa\u00e7\u00e3o de Sindicatos de Trabalhadores T\u00e9cnico-Administrativos em Institui\u00e7\u00f5es de Ensino Superior P\u00fablicas do Brasil) visa n\u00e3o apenas fortalecer a uni\u00e3o entre os trabalhadores(as) aposentados(as), mas tamb\u00e9m garantir que eles(as) tenham acesso a informa\u00e7\u00f5es e recursos que contribuam para uma aposentadoria digna e saud\u00e1vel.\n\nO Encontro segue com outras palestras e atividades at\u00e9 amanh\u00e3 dia 17.10, sempre com foco na valoriza\u00e7\u00e3o do bem-estar f\u00edsico, emocional e social dos aposentados e pensionistas.\n<h4>Fonte: Fasubra<\/h4><\/span><\/span><\/span><\/span>\n","protected":false},"excerpt":{"rendered":"<p>No segundo dia do XI Encontro Nacional de Aposentados(as), Aposentandos(as) e Pensionistas da FASUBRA, realizado no audit\u00f3rio da Adunb em Brasilia, o tema &#8220;Sa\u00fade e qualidade de vida&#8221; foi o destaque que norteou as atividades. A palestra principal ficou a cargo da psic\u00f3loga Maria Helena Concei\u00e7\u00e3o Silveira, que atua na Coordena\u00e7\u00e3o de Sa\u00fade e Qualidade [&hellip;]<\/p>\n","protected":false},"author":4,"featured_media":18443,"comment_status":"open","ping_status":"open","sticky":false,"template":"","format":"standard","meta":{"footnotes":""},"categories":[14],"tags":[],"class_list":["post-18442","post","type-post","status-publish","format-standard","has-post-thumbnail","hentry","category-geral"],"_links":{"self":[{"href":"https:\/\/cta.clst17.mxpr.email.pecoraricloud.com.br\/~assufsmcom\/wp-json\/wp\/v2\/posts\/18442","targetHints":{"allow":["GET"]}}],"collection":[{"href":"https:\/\/cta.clst17.mxpr.email.pecoraricloud.com.br\/~assufsmcom\/wp-json\/wp\/v2\/posts"}],"about":[{"href":"https:\/\/cta.clst17.mxpr.email.pecoraricloud.com.br\/~assufsmcom\/wp-json\/wp\/v2\/types\/post"}],"author":[{"embeddable":true,"href":"https:\/\/cta.clst17.mxpr.email.pecoraricloud.com.br\/~assufsmcom\/wp-json\/wp\/v2\/users\/4"}],"replies":[{"embeddable":true,"href":"https:\/\/cta.clst17.mxpr.email.pecoraricloud.com.br\/~assufsmcom\/wp-json\/wp\/v2\/comments?post=18442"}],"version-history":[{"count":1,"href":"https:\/\/cta.clst17.mxpr.email.pecoraricloud.com.br\/~assufsmcom\/wp-json\/wp\/v2\/posts\/18442\/revisions"}],"predecessor-version":[{"id":27888,"href":"https:\/\/cta.clst17.mxpr.email.pecoraricloud.com.br\/~assufsmcom\/wp-json\/wp\/v2\/posts\/18442\/revisions\/27888"}],"wp:featuredmedia":[{"embeddable":true,"href":"https:\/\/cta.clst17.mxpr.email.pecoraricloud.com.br\/~assufsmcom\/wp-json\/wp\/v2\/media\/18443"}],"wp:attachment":[{"href":"https:\/\/cta.clst17.mxpr.email.pecoraricloud.com.br\/~assufsmcom\/wp-json\/wp\/v2\/media?parent=18442"}],"wp:term":[{"taxonomy":"category","embeddable":true,"href":"https:\/\/cta.clst17.mxpr.email.pecoraricloud.com.br\/~assufsmcom\/wp-json\/wp\/v2\/categories?post=18442"},{"taxonomy":"post_tag","embeddable":true,"href":"https:\/\/cta.clst17.mxpr.email.pecoraricloud.com.br\/~assufsmcom\/wp-json\/wp\/v2\/tags?post=18442"}],"curies":[{"name":"wp","href":"https:\/\/api.w.org\/{rel}","templated":true}]}}