{"id":18444,"date":"2024-10-16T19:56:50","date_gmt":"2024-10-16T22:56:50","guid":{"rendered":"https:\/\/cta.clst17.mxpr.email.pecoraricloud.com.br\/~assufsmcom\/2024\/10\/16\/assufsm-se-reune-com-progep-veja-informes\/"},"modified":"2026-04-01T11:30:54","modified_gmt":"2026-04-01T14:30:54","slug":"assufsm-se-reune-com-progep-veja-informes","status":"publish","type":"post","link":"https:\/\/cta.clst17.mxpr.email.pecoraricloud.com.br\/~assufsmcom\/2024\/10\/16\/assufsm-se-reune-com-progep-veja-informes\/","title":{"rendered":"Assufsm se re\u00fane com PROGEP, veja informes"},"content":{"rendered":"\n<p><span dir=\"auto\" style=\"vertical-align: inherit;\"><span dir=\"auto\" style=\"vertical-align: inherit;\"><span dir=\"auto\" style=\"vertical-align: inherit;\"><span dir=\"auto\" style=\"vertical-align: inherit;\">Em reuni\u00e3o nesta quarta-feira com a PROGEP, a Assufsm foi representante pelas coordenadoras-gerais Alessandra Alfaro e Nat\u00e1lia San Martin. O encontro foi com o Pr\u00f3-Reitor de Gest\u00e3o de Pessoas (PROGEP), Frank Casado, e reuniu tamb\u00e9m, do HUSM, D\u00e9bora Cristina Homrich, Solange Fatima de Oliveira Pahim e Clenir Lopes Silva, al\u00e9m de Jo\u00e3o Batista Vasconcellos, gerente administrativo do HUSM.<\/p>\n\n\n\n<p>Confira os informes:<\/p>\n\n\n\n<p><strong>Sobre a hora-ficta<\/strong><\/p>\n\n\n\n<p>Na ter\u00e7a, haver\u00e1 reuni\u00e3o da DIVGP, GAD, Progep e CPD para modifica\u00e7\u00e3o no sistema do ponto, pois haviam entendido que o reflexo era apenas financeiro e n\u00e3o na contagem da carga hor\u00e1ria do plant\u00e3o. Informamos que a ASSUFSM ingressou com uma a\u00e7\u00e3o coletiva para requerer os\u00a0\u00faltimos\u00a05\u00a0anos.<\/p>\n\n\n\n<p><strong>Recesso de final do ano<\/strong><br>O pessoal que tem flexibiliza\u00e7\u00e3o tem que pagar em conveni\u00eancia com a unidade, a UFSM n\u00e3o tem inger\u00eancia no HUSM. O per\u00edodo para compensa\u00e7\u00e3o \u00e9 de 1\/10\/24 a 31\/05\/25. Ser\u00e1 verificado com o CPD a modifica\u00e7\u00e3o da carga hor\u00e1ria mensal, deixando de ser 126h fixas todos os meses para 30h\/semana, o que j\u00e1 existe para os CLT EBSERH.<\/p>\n\n\n\n<p><strong>PGD<\/strong><br>A ades\u00e3o ao programa depende da concord\u00e2ncia da chefia da unidade, para o UFSM n\u00e3o h\u00e1 \u00f3bice, por\u00e9m h\u00e1 orienta\u00e7\u00e3o da Presid\u00eancia da EBSERH de maiores estudos.<\/p>\n\n\n\n<p>TAE, informe-se sobre os assuntos de sua categoria!<\/span><\/span><\/span><\/span><\/p>\n","protected":false},"excerpt":{"rendered":"<p>Em reuni\u00e3o nesta quarta-feira com a PROGEP, a Assufsm foi representante pelas coordenadoras-gerais Alessandra Alfaro e Nat\u00e1lia San Martin. O encontro foi com o Pr\u00f3-Reitor de Gest\u00e3o de Pessoas (PROGEP), Frank Casado, e reuniu tamb\u00e9m, do HUSM, D\u00e9bora Cristina Homrich, Solange Fatima de Oliveira Pahim e Clenir Lopes Silva, al\u00e9m de Jo\u00e3o Batista Vasconcellos, gerente [&hellip;]<\/p>\n","protected":false},"author":4,"featured_media":18445,"comment_status":"open","ping_status":"open","sticky":false,"template":"","format":"standard","meta":{"footnotes":""},"categories":[14],"tags":[],"class_list":["post-18444","post","type-post","status-publish","format-standard","has-post-thumbnail","hentry","category-geral"],"_links":{"self":[{"href":"https:\/\/cta.clst17.mxpr.email.pecoraricloud.com.br\/~assufsmcom\/wp-json\/wp\/v2\/posts\/18444","targetHints":{"allow":["GET"]}}],"collection":[{"href":"https:\/\/cta.clst17.mxpr.email.pecoraricloud.com.br\/~assufsmcom\/wp-json\/wp\/v2\/posts"}],"about":[{"href":"https:\/\/cta.clst17.mxpr.email.pecoraricloud.com.br\/~assufsmcom\/wp-json\/wp\/v2\/types\/post"}],"author":[{"embeddable":true,"href":"https:\/\/cta.clst17.mxpr.email.pecoraricloud.com.br\/~assufsmcom\/wp-json\/wp\/v2\/users\/4"}],"replies":[{"embeddable":true,"href":"https:\/\/cta.clst17.mxpr.email.pecoraricloud.com.br\/~assufsmcom\/wp-json\/wp\/v2\/comments?post=18444"}],"version-history":[{"count":1,"href":"https:\/\/cta.clst17.mxpr.email.pecoraricloud.com.br\/~assufsmcom\/wp-json\/wp\/v2\/posts\/18444\/revisions"}],"predecessor-version":[{"id":27889,"href":"https:\/\/cta.clst17.mxpr.email.pecoraricloud.com.br\/~assufsmcom\/wp-json\/wp\/v2\/posts\/18444\/revisions\/27889"}],"wp:featuredmedia":[{"embeddable":true,"href":"https:\/\/cta.clst17.mxpr.email.pecoraricloud.com.br\/~assufsmcom\/wp-json\/wp\/v2\/media\/18445"}],"wp:attachment":[{"href":"https:\/\/cta.clst17.mxpr.email.pecoraricloud.com.br\/~assufsmcom\/wp-json\/wp\/v2\/media?parent=18444"}],"wp:term":[{"taxonomy":"category","embeddable":true,"href":"https:\/\/cta.clst17.mxpr.email.pecoraricloud.com.br\/~assufsmcom\/wp-json\/wp\/v2\/categories?post=18444"},{"taxonomy":"post_tag","embeddable":true,"href":"https:\/\/cta.clst17.mxpr.email.pecoraricloud.com.br\/~assufsmcom\/wp-json\/wp\/v2\/tags?post=18444"}],"curies":[{"name":"wp","href":"https:\/\/api.w.org\/{rel}","templated":true}]}}