{"id":18449,"date":"2024-10-17T18:13:33","date_gmt":"2024-10-17T21:13:33","guid":{"rendered":"https:\/\/cta.clst17.mxpr.email.pecoraricloud.com.br\/~assufsmcom\/2024\/10\/17\/a-repercussao-das-mudancas-no-pcctae-para-os-aposentados-e-destaque-no-xi-encontro-nacional-de-aposentados-as-aposentandos-as-e-pensionistas-da-fasubra\/"},"modified":"2026-04-01T11:30:54","modified_gmt":"2026-04-01T14:30:54","slug":"a-repercussao-das-mudancas-no-pcctae-para-os-aposentados-e-destaque-no-xi-encontro-nacional-de-aposentados-as-aposentandos-as-e-pensionistas-da-fasubra","status":"publish","type":"post","link":"https:\/\/cta.clst17.mxpr.email.pecoraricloud.com.br\/~assufsmcom\/2024\/10\/17\/a-repercussao-das-mudancas-no-pcctae-para-os-aposentados-e-destaque-no-xi-encontro-nacional-de-aposentados-as-aposentandos-as-e-pensionistas-da-fasubra\/","title":{"rendered":"A repercuss\u00e3o das mudan\u00e7as no PCCTAE para os Aposentados \u00e9 destaque no XI Encontro Nacional de Aposentados (as) Aposentandos (as) e Pensionistas da Fasubra"},"content":{"rendered":"\n<p><span dir=\"auto\" style=\"vertical-align: inherit;\"><span dir=\"auto\" style=\"vertical-align: inherit;\"><span dir=\"auto\" style=\"vertical-align: inherit;\"><span dir=\"auto\" style=\"vertical-align: inherit;\">Na manh\u00e3 desta quinta-feira(17), o XI Encontro Nacional de Aposentados(as), Aposentandos(as) e Pensionistas da FASUBRA teve como um dos principais temas de discuss\u00e3o a repercuss\u00e3o das negocia\u00e7\u00f5es da greve para os aposentados.<\/p>\n\n\n\n<p>A mesa foi formada pelas Coordenadoras de Aposentados e Assuntos de Aposentadoria Maria Tereza Fuji e Glaucia Nunes Vi\u00f1as, al\u00e9m de Ivanilda Reis, da Coordena\u00e7\u00e3o Geral, e M\u00e1rcia Abreu, Coordenadora de Administra\u00e7\u00e3o e Finan\u00e7as. Essas lideran\u00e7as destacaram a import\u00e2ncia de garantir os direitos e a valoriza\u00e7\u00e3o dos aposentados t\u00e9cnico-administrativos, refor\u00e7ando o papel essencial que desempenharam ao longo de sua vida profissional no fortalecimento das institui\u00e7\u00f5es p\u00fablicas de ensino.<\/p>\n\n\n\n<p>O advogado da FASUBRA, Cl\u00e1udio Santos, participou de forma virtual, trazendo uma importante contribui\u00e7\u00e3o ao debate. Ele ressaltou que o acordo firmado durante a \u00faltima greve contempla as demandas dos aposentados, destacando que, apesar dos desafios enfrentados pela categoria, a luta pela manuten\u00e7\u00e3o de direitos e conquistas \u00e9 cont\u00ednua. A inclus\u00e3o dos aposentados nas discuss\u00f5es sobre o PCCTAE foi um ponto positivo, ampliando o reconhecimento da contribui\u00e7\u00e3o desses profissionais ao servi\u00e7o p\u00fablico.<\/p>\n\n\n\n<p>Os participantes do encontro demonstraram apoio \u00e0s discuss\u00f5es, reconhecendo o papel central da FASUBRA na defesa dos direitos dos trabalhadores aposentados e pensionistas. A manh\u00e3 de debates foi uma oportunidade para refor\u00e7ar a import\u00e2ncia da uni\u00e3o e da organiza\u00e7\u00e3o da categoria, al\u00e9m de renovar o compromisso com a luta pela preserva\u00e7\u00e3o e amplia\u00e7\u00e3o dos direitos.<\/p>\n\n\n\n<p>A Assufsm est\u00e1 presente nos debates do semin\u00e1rio com o TAE Aposentado Celso Fialho e as TAEs Aposentadas Maria Loura Silveira, Maria Lenir Christo, Eva Machado de Lima e Vania Paulon, que diariamente enviam material diretamente do Encontro, em Bras\u00edlia, para o Setor de Comunica\u00e7\u00e3o do Sindicato, em Santa Maria. Al\u00e9m disso, a Assembleia Geral da Assufsm tamb\u00e9m encaminhou o lan\u00e7amento de uma Mo\u00e7\u00e3o de Solidariedade aos Aposentados(as) e Pensionistas de base, que j\u00e1 est\u00e1 no ar e pode ser conferida <a href=\"https:\/\/lightyellow-giraffe-227747.hostingersite.com\/paralisacao-48h-assembleia-virtual-da-assufsm-aprova-mocao-de-apoio-aos-aposentados-e-aposentadas-da-fasubra-contra-o-etarismo\/\"><strong>clicando aqui<\/strong><\/a>.<\/p>\n\n\n\n<p>O XI Encontro Nacional continua ao longo do dia, trazendo novas discuss\u00f5es e pautas essenciais para os aposentados, aposentandos e pensionistas da educa\u00e7\u00e3o p\u00fablica.<\/span><\/span><\/span><\/span><\/p>\n","protected":false},"excerpt":{"rendered":"<p>Na manh\u00e3 desta quinta-feira(17), o XI Encontro Nacional de Aposentados(as), Aposentandos(as) e Pensionistas da FASUBRA teve como um dos principais temas de discuss\u00e3o a repercuss\u00e3o das negocia\u00e7\u00f5es da greve para os aposentados. A mesa foi formada pelas Coordenadoras de Aposentados e Assuntos de Aposentadoria Maria Tereza Fuji e Glaucia Nunes Vi\u00f1as, al\u00e9m de Ivanilda Reis, [&hellip;]<\/p>\n","protected":false},"author":4,"featured_media":18450,"comment_status":"open","ping_status":"open","sticky":false,"template":"","format":"standard","meta":{"footnotes":""},"categories":[14],"tags":[],"class_list":["post-18449","post","type-post","status-publish","format-standard","has-post-thumbnail","hentry","category-geral"],"_links":{"self":[{"href":"https:\/\/cta.clst17.mxpr.email.pecoraricloud.com.br\/~assufsmcom\/wp-json\/wp\/v2\/posts\/18449","targetHints":{"allow":["GET"]}}],"collection":[{"href":"https:\/\/cta.clst17.mxpr.email.pecoraricloud.com.br\/~assufsmcom\/wp-json\/wp\/v2\/posts"}],"about":[{"href":"https:\/\/cta.clst17.mxpr.email.pecoraricloud.com.br\/~assufsmcom\/wp-json\/wp\/v2\/types\/post"}],"author":[{"embeddable":true,"href":"https:\/\/cta.clst17.mxpr.email.pecoraricloud.com.br\/~assufsmcom\/wp-json\/wp\/v2\/users\/4"}],"replies":[{"embeddable":true,"href":"https:\/\/cta.clst17.mxpr.email.pecoraricloud.com.br\/~assufsmcom\/wp-json\/wp\/v2\/comments?post=18449"}],"version-history":[{"count":1,"href":"https:\/\/cta.clst17.mxpr.email.pecoraricloud.com.br\/~assufsmcom\/wp-json\/wp\/v2\/posts\/18449\/revisions"}],"predecessor-version":[{"id":27892,"href":"https:\/\/cta.clst17.mxpr.email.pecoraricloud.com.br\/~assufsmcom\/wp-json\/wp\/v2\/posts\/18449\/revisions\/27892"}],"wp:featuredmedia":[{"embeddable":true,"href":"https:\/\/cta.clst17.mxpr.email.pecoraricloud.com.br\/~assufsmcom\/wp-json\/wp\/v2\/media\/18450"}],"wp:attachment":[{"href":"https:\/\/cta.clst17.mxpr.email.pecoraricloud.com.br\/~assufsmcom\/wp-json\/wp\/v2\/media?parent=18449"}],"wp:term":[{"taxonomy":"category","embeddable":true,"href":"https:\/\/cta.clst17.mxpr.email.pecoraricloud.com.br\/~assufsmcom\/wp-json\/wp\/v2\/categories?post=18449"},{"taxonomy":"post_tag","embeddable":true,"href":"https:\/\/cta.clst17.mxpr.email.pecoraricloud.com.br\/~assufsmcom\/wp-json\/wp\/v2\/tags?post=18449"}],"curies":[{"name":"wp","href":"https:\/\/api.w.org\/{rel}","templated":true}]}}