{"id":18451,"date":"2024-10-17T18:48:37","date_gmt":"2024-10-17T21:48:37","guid":{"rendered":"https:\/\/cta.clst17.mxpr.email.pecoraricloud.com.br\/~assufsmcom\/2024\/10\/17\/fasubra-sindical-participa-do-xxx-seminario-nacional-da-seguranca-das-ifes-e-ebtts\/"},"modified":"2026-04-01T11:30:53","modified_gmt":"2026-04-01T14:30:53","slug":"fasubra-sindical-participa-do-xxx-seminario-nacional-da-seguranca-das-ifes-e-ebtts","status":"publish","type":"post","link":"https:\/\/cta.clst17.mxpr.email.pecoraricloud.com.br\/~assufsmcom\/2024\/10\/17\/fasubra-sindical-participa-do-xxx-seminario-nacional-da-seguranca-das-ifes-e-ebtts\/","title":{"rendered":"FASUBRA Sindical participa do XXX Semin\u00e1rio Nacional da Seguran\u00e7a das IFES e EBTTs"},"content":{"rendered":"\n<p><span dir=\"auto\" style=\"vertical-align: inherit;\"><span dir=\"auto\" style=\"vertical-align: inherit;\"><span dir=\"auto\" style=\"vertical-align: inherit;\"><span dir=\"auto\" style=\"vertical-align: inherit;\">O XXX Semin\u00e1rio Nacional da Seguran\u00e7a das Institui\u00e7\u00f5es Federais de Ensino Superior (IFES) e das Escolas T\u00e9cnicas e Tecnol\u00f3gicas (EBTTs) est\u00e1 sendo realizado entre os dias 14 e 18 deste m\u00eas no Centro de Ci\u00eancias Sociais Aplicadas (CCSA), no Campus Recife da Universidade Federal de Pernambuco (UFPE). O evento, que iniciou por iniciativa dos vigilantes das universidades federais, vem crescendo ao longo dos anos, contando agora com a participa\u00e7\u00e3o de vigilantes das EBTTs e o apoio das entidades representativas dos trabalhadores t\u00e9cnicos, al\u00e9m dos \u00f3rg\u00e3os administrativos das IFES e EBTTs.<\/p>\n\n\n\n<p>Com a realiza\u00e7\u00e3o organizada pela UFPE, FASUBRA e Sintufepe \u2013 Se\u00e7\u00e3o UFPE, o semin\u00e1rio conta tamb\u00e9m com o apoio do Sindsprev-PE e Sindsep-PE. A proposta central do evento \u00e9 discutir as condi\u00e7\u00f5es de trabalho dos vigilantes nas institui\u00e7\u00f5es de ensino, bem como abordar temas relacionados \u00e0 seguran\u00e7a, capacita\u00e7\u00e3o profissional e o fortalecimento das redes de prote\u00e7\u00e3o dentro dos campi. A FASUBRA Sindical, como uma das entidades organizadoras, refor\u00e7a a import\u00e2ncia do encontro como espa\u00e7o para a troca de experi\u00eancias e para a formula\u00e7\u00e3o de estrat\u00e9gias de fortalecimento da seguran\u00e7a nas institui\u00e7\u00f5es de ensino.<\/p>\n\n\n\n<p>Pela Assufsm est\u00e3o, como delegados, os TAEs Vigilantes Paulo Voigt, Cezar Machado, Sandro Timm e Edu\u00edno Sim\u00f5es, o Dino, e o Coordenador Geral Ciro Oliveira como observador e representando a dire\u00e7\u00e3o, que est\u00e3o enviando, diariamente, materiais diretamente de Pernambuco para Santa Maria, colaborando com a divulga\u00e7\u00e3o de informa\u00e7\u00f5es do evento.<\/p>\n\n\n\n<p>Os participantes t\u00eam a oportunidade de debater desafios enfrentados no cotidiano das IFES e EBTTs, como a falta de infraestrutura, a valoriza\u00e7\u00e3o dos trabalhadores e as medidas de preven\u00e7\u00e3o e combate \u00e0 viol\u00eancia. Al\u00e9m disso, o semin\u00e1rio promove oficinas e palestras que abordam quest\u00f5es como a seguran\u00e7a patrimonial e a prote\u00e7\u00e3o aos trabalhadores, fundamentais para o funcionamento seguro e eficiente das institui\u00e7\u00f5es de ensino p\u00fablico. O evento tamb\u00e9m abre espa\u00e7o para discutir a situa\u00e7\u00e3o dos vigilantes terceirizados, abordando seus direitos e a luta por condi\u00e7\u00f5es dignas de trabalho.<\/p>\n\n\n\n<p>A participa\u00e7\u00e3o da FASUBRA Sindical no XXX Semin\u00e1rio Nacional da Seguran\u00e7a das IFES e EBTTs reafirma o compromisso da federa\u00e7\u00e3o com a defesa dos trabalhadores das universidades e escolas t\u00e9cnicas, destacando a import\u00e2ncia de garantir ambientes de trabalho seguros e de valorizar o papel dos vigilantes. O evento, que j\u00e1 se consolidou no calend\u00e1rio nacional, tem contribu\u00eddo para o desenvolvimento de pol\u00edticas mais eficazes de seguran\u00e7a no ambiente acad\u00eamico e para a defesa dos direitos dos trabalhadores do setor. A Fasubra est\u00e1 representada pelos dirigentes Marcelo Rosa, Edmilson Lima, Lenilson Martins, Daniel Farias e Jos\u00e9 Francisco Lima. O encerramento do semin\u00e1rio est\u00e1 previsto para o dia 18, com a realiza\u00e7\u00e3o de uma plen\u00e1ria que dever\u00e1 apresentar propostas e diretrizes para o aprimoramento da seguran\u00e7a nas IFES e EBTTs, a serem encaminhadas \u00e0s institui\u00e7\u00f5es e aos \u00f3rg\u00e3os competentes.<\/span><\/span><\/span><\/span><\/p>\n","protected":false},"excerpt":{"rendered":"<p>O XXX Semin\u00e1rio Nacional da Seguran\u00e7a das Institui\u00e7\u00f5es Federais de Ensino Superior (IFES) e das Escolas T\u00e9cnicas e Tecnol\u00f3gicas (EBTTs) est\u00e1 sendo realizado entre os dias 14 e 18 deste m\u00eas no Centro de Ci\u00eancias Sociais Aplicadas (CCSA), no Campus Recife da Universidade Federal de Pernambuco (UFPE). O evento, que iniciou por iniciativa dos vigilantes [&hellip;]<\/p>\n","protected":false},"author":4,"featured_media":18452,"comment_status":"open","ping_status":"open","sticky":false,"template":"","format":"standard","meta":{"footnotes":""},"categories":[14],"tags":[],"class_list":["post-18451","post","type-post","status-publish","format-standard","has-post-thumbnail","hentry","category-geral"],"_links":{"self":[{"href":"https:\/\/cta.clst17.mxpr.email.pecoraricloud.com.br\/~assufsmcom\/wp-json\/wp\/v2\/posts\/18451","targetHints":{"allow":["GET"]}}],"collection":[{"href":"https:\/\/cta.clst17.mxpr.email.pecoraricloud.com.br\/~assufsmcom\/wp-json\/wp\/v2\/posts"}],"about":[{"href":"https:\/\/cta.clst17.mxpr.email.pecoraricloud.com.br\/~assufsmcom\/wp-json\/wp\/v2\/types\/post"}],"author":[{"embeddable":true,"href":"https:\/\/cta.clst17.mxpr.email.pecoraricloud.com.br\/~assufsmcom\/wp-json\/wp\/v2\/users\/4"}],"replies":[{"embeddable":true,"href":"https:\/\/cta.clst17.mxpr.email.pecoraricloud.com.br\/~assufsmcom\/wp-json\/wp\/v2\/comments?post=18451"}],"version-history":[{"count":1,"href":"https:\/\/cta.clst17.mxpr.email.pecoraricloud.com.br\/~assufsmcom\/wp-json\/wp\/v2\/posts\/18451\/revisions"}],"predecessor-version":[{"id":27893,"href":"https:\/\/cta.clst17.mxpr.email.pecoraricloud.com.br\/~assufsmcom\/wp-json\/wp\/v2\/posts\/18451\/revisions\/27893"}],"wp:featuredmedia":[{"embeddable":true,"href":"https:\/\/cta.clst17.mxpr.email.pecoraricloud.com.br\/~assufsmcom\/wp-json\/wp\/v2\/media\/18452"}],"wp:attachment":[{"href":"https:\/\/cta.clst17.mxpr.email.pecoraricloud.com.br\/~assufsmcom\/wp-json\/wp\/v2\/media?parent=18451"}],"wp:term":[{"taxonomy":"category","embeddable":true,"href":"https:\/\/cta.clst17.mxpr.email.pecoraricloud.com.br\/~assufsmcom\/wp-json\/wp\/v2\/categories?post=18451"},{"taxonomy":"post_tag","embeddable":true,"href":"https:\/\/cta.clst17.mxpr.email.pecoraricloud.com.br\/~assufsmcom\/wp-json\/wp\/v2\/tags?post=18451"}],"curies":[{"name":"wp","href":"https:\/\/api.w.org\/{rel}","templated":true}]}}