{"id":18456,"date":"2024-10-18T14:42:26","date_gmt":"2024-10-18T17:42:26","guid":{"rendered":"https:\/\/cta.clst17.mxpr.email.pecoraricloud.com.br\/~assufsmcom\/2024\/10\/18\/confira-as-dicas-culturais-para-esse-fim-de-semana-18-19-e-20-de-outubro-2\/"},"modified":"2026-04-01T11:30:53","modified_gmt":"2026-04-01T14:30:53","slug":"confira-as-dicas-culturais-para-esse-fim-de-semana-18-19-e-20-de-outubro-2","status":"publish","type":"post","link":"https:\/\/cta.clst17.mxpr.email.pecoraricloud.com.br\/~assufsmcom\/2024\/10\/18\/confira-as-dicas-culturais-para-esse-fim-de-semana-18-19-e-20-de-outubro-2\/","title":{"rendered":"Confira as dicas culturais para esse fim de semana \u2013 18, 19 e 20 de Outubro"},"content":{"rendered":"\n<p><span dir=\"auto\" style=\"vertical-align: inherit;\"><span dir=\"auto\" style=\"vertical-align: inherit;\"><span dir=\"auto\" style=\"vertical-align: inherit;\"><span dir=\"auto\" style=\"vertical-align: inherit;\">Confira as dicas culturais desse fim de semana, dos dias 18, 19 e 20 de outubro.<\/p>\n\n\n\n<p><strong>Dica 1<\/strong><\/p>\n\n\n\n<p>No s\u00e1bado e no domingo, o Theatro 13 de Maio apresenta \u201cA Bela e a Fera, Um Musical\u201d<\/p>\n\n\n\n<p>Uma superprodu\u00e7\u00e3o da Broadway baseada neste grande cl\u00e1ssico dos contos de fadas. A ic\u00f4nica obra de \u201cA Bela e a Fera\u201d revela a hist\u00f3ria de Bela, uma inteligente jovem que vive em uma pequena aldeia e se diferencia dos demais por uma natureza e personalidade \u00fanicas.<\/p>\n\n\n\n<p>O espet\u00e1culo come\u00e7a \u00e0s 16 horas, a classifica\u00e7\u00e3o \u00e9 livre e os ingressos custam a partir de R$100. E voc\u00ea pode adquirir atrav\u00e9s do site do theatro, www.theatro13demaio.com.br<\/p>\n\n\n\n<p><strong>Dica 2<\/strong><\/p>\n\n\n\n<p>Ainda no s\u00e1bado, mas agora \u00e0s 20 horas, o theatro recebe \u201cPresence Led Zeppelin\u201d.<\/p>\n\n\n\n<p>Led Zeppelin, banda inglesa surgida no final dos anos 1960 e consolidada como a maior banda de rock and roll na d\u00e9cada de 1970. Influenciada pelo blues, folk e rock and roll, criou as bases do hard e heavy metal para d\u00e9cadas seguintes, estar\u00e1 presente no cora\u00e7\u00e3o do Rio Grande do Sul.<\/p>\n\n\n\n<p>Aa classifica\u00e7\u00e3o \u00e9 livre. Voc\u00ea pode adquirir os ingressos na bilheteria do theatro, nos valores a partir de R$100.<\/p>\n\n\n\n<p>O Theatro 13 de Maio fica na Pra\u00e7a Saldanha Marinho, no Centro.<\/p>\n\n\n\n<p><strong>Dica 3<\/strong><\/p>\n\n\n\n<p>Hoje, \u00e0s 21 horas, o Shopping Pra\u00e7a Nova recebe o cantor Luan Santana.<\/p>\n\n\n\n<p>Os ingressos est\u00e3o \u00e0 venda online no site do shopping <a href=\"https:\/\/pracanovashopping.com.br\/\">pracanovashopping.com.br\/<\/a> e no shopping \u00e9 poss\u00edvel encontrar na Casa Maria. J\u00e1 os tickets VIP para estacionamento que d\u00e3o direito \u00e0 uma vaga exclusiva no dia do show, est\u00e3o \u00e0 venda nos caixas f\u00edsicos do shopping ou diretamente na Central de Estacionamento com valor de R$70 para o primeiro lote.<\/p>\n\n\n\n<p>Em alus\u00e3o ao m\u00eas do outubro rosa, o Shopping Pra\u00e7a Nova tamb\u00e9m est\u00e1 com uma progra\u00e7\u00e3o especial. A programa\u00e7\u00e3o conta com a exposi\u00e7\u00e3o fotogr\u00e1fica \u201cDecididas\u201d, alusiva \u00e0 campanha Outubro Rosa. A exposi\u00e7\u00e3o \u00e9 promovida pela Associa\u00e7\u00e3o de Apoio a Pessoas com C\u00e2ncer (Aapecan). Com imagens capturadas pelo olhar do fot\u00f3grafo Eduardo Ramos, esta mostra revela a for\u00e7a e a resili\u00eancia de mulheres que enfrentam e enfretaram o diagn\u00f3stico do c\u00e2ncer de mama. Cada imagem conta uma hist\u00f3ria de supera\u00e7\u00e3o e esperan\u00e7a, convidando todos a refletirem sobre a import\u00e2ncia da preven\u00e7\u00e3o e a valorizarem a coragem dessas mulheres inspiradoras.<\/p>\n\n\n\n<p>A classifica\u00e7\u00e3o \u00e9 livre e a exposi\u00e7\u00e3o estar\u00e1 no Shopping at\u00e9 dia 31 de outubro.<\/p>\n\n\n\n<p>O shopping Pra\u00e7a Nova fica localizado na BR-287<\/span><\/span><\/span><\/span><\/p>\n","protected":false},"excerpt":{"rendered":"<p>Confira as dicas culturais desse fim de semana, dos dias 18, 19 e 20 de outubro. Dica 1 No s\u00e1bado e no domingo, o Theatro 13 de Maio apresenta \u201cA Bela e a Fera, Um Musical\u201d Uma superprodu\u00e7\u00e3o da Broadway baseada neste grande cl\u00e1ssico dos contos de fadas. A ic\u00f4nica obra de \u201cA Bela e [&hellip;]<\/p>\n","protected":false},"author":4,"featured_media":18457,"comment_status":"open","ping_status":"open","sticky":false,"template":"","format":"standard","meta":{"footnotes":""},"categories":[14],"tags":[],"class_list":["post-18456","post","type-post","status-publish","format-standard","has-post-thumbnail","hentry","category-geral"],"_links":{"self":[{"href":"https:\/\/cta.clst17.mxpr.email.pecoraricloud.com.br\/~assufsmcom\/wp-json\/wp\/v2\/posts\/18456","targetHints":{"allow":["GET"]}}],"collection":[{"href":"https:\/\/cta.clst17.mxpr.email.pecoraricloud.com.br\/~assufsmcom\/wp-json\/wp\/v2\/posts"}],"about":[{"href":"https:\/\/cta.clst17.mxpr.email.pecoraricloud.com.br\/~assufsmcom\/wp-json\/wp\/v2\/types\/post"}],"author":[{"embeddable":true,"href":"https:\/\/cta.clst17.mxpr.email.pecoraricloud.com.br\/~assufsmcom\/wp-json\/wp\/v2\/users\/4"}],"replies":[{"embeddable":true,"href":"https:\/\/cta.clst17.mxpr.email.pecoraricloud.com.br\/~assufsmcom\/wp-json\/wp\/v2\/comments?post=18456"}],"version-history":[{"count":1,"href":"https:\/\/cta.clst17.mxpr.email.pecoraricloud.com.br\/~assufsmcom\/wp-json\/wp\/v2\/posts\/18456\/revisions"}],"predecessor-version":[{"id":27896,"href":"https:\/\/cta.clst17.mxpr.email.pecoraricloud.com.br\/~assufsmcom\/wp-json\/wp\/v2\/posts\/18456\/revisions\/27896"}],"wp:featuredmedia":[{"embeddable":true,"href":"https:\/\/cta.clst17.mxpr.email.pecoraricloud.com.br\/~assufsmcom\/wp-json\/wp\/v2\/media\/18457"}],"wp:attachment":[{"href":"https:\/\/cta.clst17.mxpr.email.pecoraricloud.com.br\/~assufsmcom\/wp-json\/wp\/v2\/media?parent=18456"}],"wp:term":[{"taxonomy":"category","embeddable":true,"href":"https:\/\/cta.clst17.mxpr.email.pecoraricloud.com.br\/~assufsmcom\/wp-json\/wp\/v2\/categories?post=18456"},{"taxonomy":"post_tag","embeddable":true,"href":"https:\/\/cta.clst17.mxpr.email.pecoraricloud.com.br\/~assufsmcom\/wp-json\/wp\/v2\/tags?post=18456"}],"curies":[{"name":"wp","href":"https:\/\/api.w.org\/{rel}","templated":true}]}}