{"id":18470,"date":"2024-10-21T15:52:20","date_gmt":"2024-10-21T18:52:20","guid":{"rendered":"https:\/\/cta.clst17.mxpr.email.pecoraricloud.com.br\/~assufsmcom\/2024\/10\/21\/progep-realiza-a-semana-do-servidor-a-publico-a-coordenadoras-gerais-da-assufsm-palestram\/"},"modified":"2026-04-01T11:30:53","modified_gmt":"2026-04-01T14:30:53","slug":"progep-realiza-a-semana-do-servidor-a-publico-a-coordenadoras-gerais-da-assufsm-palestram","status":"publish","type":"post","link":"https:\/\/cta.clst17.mxpr.email.pecoraricloud.com.br\/~assufsmcom\/2024\/10\/21\/progep-realiza-a-semana-do-servidor-a-publico-a-coordenadoras-gerais-da-assufsm-palestram\/","title":{"rendered":"PROGEP realiza a semana do servidor (a) p\u00fablico (a); Coordenadoras-gerais da Assufsm palestram"},"content":{"rendered":"\n<span dir=\"auto\" style=\"vertical-align: inherit;\"><span dir=\"auto\" style=\"vertical-align: inherit;\"><span dir=\"auto\" style=\"vertical-align: inherit;\"><span dir=\"auto\" style=\"vertical-align: inherit;\">Em alus\u00e3o ao dia 28 de outubro, no qual \u00e9 comemorado o Dia do Servidor P\u00fablico, a Pr\u00f3-Reitoria de Gest\u00e3o de Pessoas da Universidade Federal de Santa Maria promove, anualmente, a Semana do Servidor P\u00fablico. <strong>As coordendoras-gerais da Assufsm, Nat\u00e1lia San Martin e Alessandra Alfaro, participam do evento. Elas v\u00e3o proferir a palestra &#8220;Reestrutura\u00e7\u00e3o da Carreira dos Servidores TAEs: O que \u00e9 poss\u00edvel no contexto atual&#8221;, no dia 29\/10 (ter\u00e7a-feira), das 10h \u00e0s 11h<\/strong>.\n\nInscri\u00e7\u00e3o\n\nOrienta\u00e7\u00e3o para inscri\u00e7\u00f5es: As atividades que necessitam inscri\u00e7\u00e3o pr\u00e9via. Para se inscrever na programa\u00e7\u00e3o da Assufsm, basta clicar <a href=\"https:\/\/portal.ufsm.br\/capacitacao\/inscricao\/formulario.html?idEdicao=2040\">aqui<\/a> e realizar a inscri\u00e7\u00e3o.\n\n<img fetchpriority=\"high\" decoding=\"async\" class=\"alignnone wp-image-27096\" src=\"https:\/\/cta.clst17.mxpr.email.pecoraricloud.com.br\/~assufsmcom\/wp-content\/uploads\/2026\/03\/progep.jpg\" alt=\"\" width=\"302\" height=\"302\" \/>\n\nA programa\u00e7\u00e3o especial para a data, que teve in\u00edcio em 2010, tem como objetivos:\n<ul>\n \t<li>Homenagear servidores (as) p\u00fablicos (as), ativos (as) e aposentados (as) da UFSM, proporcionando a estes momentos de reflex\u00e3o, informa\u00e7\u00e3o e integra\u00e7\u00e3o;<\/li>\n \t<li>Auxiliar no resgate da autoestima, informando aos servidores (as) sobre a import\u00e2ncia de cultivar momentos de dedica\u00e7\u00e3o ao trabalho com momentos de lazer, como sess\u00f5es no planet\u00e1rio, visita ao jardim bot\u00e2nico, oficinas, etc.;<\/li>\n \t<li>Proporcionar momentos de debates na institui\u00e7\u00e3o que promovam a reflex\u00e3o do sentido do viver humano e do cotidiano de trabalho; e<\/li>\n \t<li>Promover a participa\u00e7\u00e3o dos servidores (as) em eventos culturais permitindo aos servidores (as) mostrarem os potenciais, divulgando seus talentos.<\/li>\n \t<li>Estimular a pr\u00e1tica de exerc\u00edcios f\u00edsicos como forma de promo\u00e7\u00e3o \u00e0 sa\u00fade.<\/li>\n<\/ul>\nConfira a programa\u00e7\u00e3o completa e como fazer a inscri\u00e7\u00e3o <a href=\"https:\/\/www.ufsm.br\/pro-reitorias\/progep\/eventos\/semanadoservidor2024?fbclid=IwY2xjawGDNslleHRuA2FlbQIxMAABHartYTXA1riK0ubIwjA-ye53vjKaFSLYR-EFM0EE4nAWdG2G7CcmEqMetw_aem_CZSgfzD_Hh0xdhSFgvqeew\">aqui<\/a>.\n<h4>Com informa\u00e7\u00f5es da PROGEP<\/h4>\n&nbsp;<\/span><\/span><\/span><\/span>\n","protected":false},"excerpt":{"rendered":"<p>Em alus\u00e3o ao dia 28 de outubro, no qual \u00e9 comemorado o Dia do Servidor P\u00fablico, a Pr\u00f3-Reitoria de Gest\u00e3o de Pessoas da Universidade Federal de Santa Maria promove, anualmente, a Semana do Servidor P\u00fablico. As coordendoras-gerais da Assufsm, Nat\u00e1lia San Martin e Alessandra Alfaro, participam do evento. Elas v\u00e3o proferir a palestra &#8220;Reestrutura\u00e7\u00e3o da [&hellip;]<\/p>\n","protected":false},"author":4,"featured_media":18471,"comment_status":"open","ping_status":"open","sticky":false,"template":"","format":"standard","meta":{"footnotes":""},"categories":[14],"tags":[],"class_list":["post-18470","post","type-post","status-publish","format-standard","has-post-thumbnail","hentry","category-geral"],"_links":{"self":[{"href":"https:\/\/cta.clst17.mxpr.email.pecoraricloud.com.br\/~assufsmcom\/wp-json\/wp\/v2\/posts\/18470","targetHints":{"allow":["GET"]}}],"collection":[{"href":"https:\/\/cta.clst17.mxpr.email.pecoraricloud.com.br\/~assufsmcom\/wp-json\/wp\/v2\/posts"}],"about":[{"href":"https:\/\/cta.clst17.mxpr.email.pecoraricloud.com.br\/~assufsmcom\/wp-json\/wp\/v2\/types\/post"}],"author":[{"embeddable":true,"href":"https:\/\/cta.clst17.mxpr.email.pecoraricloud.com.br\/~assufsmcom\/wp-json\/wp\/v2\/users\/4"}],"replies":[{"embeddable":true,"href":"https:\/\/cta.clst17.mxpr.email.pecoraricloud.com.br\/~assufsmcom\/wp-json\/wp\/v2\/comments?post=18470"}],"version-history":[{"count":3,"href":"https:\/\/cta.clst17.mxpr.email.pecoraricloud.com.br\/~assufsmcom\/wp-json\/wp\/v2\/posts\/18470\/revisions"}],"predecessor-version":[{"id":27904,"href":"https:\/\/cta.clst17.mxpr.email.pecoraricloud.com.br\/~assufsmcom\/wp-json\/wp\/v2\/posts\/18470\/revisions\/27904"}],"wp:featuredmedia":[{"embeddable":true,"href":"https:\/\/cta.clst17.mxpr.email.pecoraricloud.com.br\/~assufsmcom\/wp-json\/wp\/v2\/media\/18471"}],"wp:attachment":[{"href":"https:\/\/cta.clst17.mxpr.email.pecoraricloud.com.br\/~assufsmcom\/wp-json\/wp\/v2\/media?parent=18470"}],"wp:term":[{"taxonomy":"category","embeddable":true,"href":"https:\/\/cta.clst17.mxpr.email.pecoraricloud.com.br\/~assufsmcom\/wp-json\/wp\/v2\/categories?post=18470"},{"taxonomy":"post_tag","embeddable":true,"href":"https:\/\/cta.clst17.mxpr.email.pecoraricloud.com.br\/~assufsmcom\/wp-json\/wp\/v2\/tags?post=18470"}],"curies":[{"name":"wp","href":"https:\/\/api.w.org\/{rel}","templated":true}]}}