{"id":18473,"date":"2024-10-21T16:28:20","date_gmt":"2024-10-21T19:28:20","guid":{"rendered":"https:\/\/cta.clst17.mxpr.email.pecoraricloud.com.br\/~assufsmcom\/2024\/10\/21\/pro-reitoria-de-extensao-da-ufsm-realiza-atividades-em-alusao-ao-dia-do-a-servidor-a-taes-participam\/"},"modified":"2026-04-01T11:30:53","modified_gmt":"2026-04-01T14:30:53","slug":"pro-reitoria-de-extensao-da-ufsm-realiza-atividades-em-alusao-ao-dia-do-a-servidor-a-taes-participam","status":"publish","type":"post","link":"https:\/\/cta.clst17.mxpr.email.pecoraricloud.com.br\/~assufsmcom\/2024\/10\/21\/pro-reitoria-de-extensao-da-ufsm-realiza-atividades-em-alusao-ao-dia-do-a-servidor-a-taes-participam\/","title":{"rendered":"Pr\u00f3-Reitoria de Extens\u00e3o da UFSM realiza atividades em alus\u00e3o ao Dia do (a) Servidor (a); TAEs participam"},"content":{"rendered":"\n<span dir=\"auto\" style=\"vertical-align: inherit;\"><span dir=\"auto\" style=\"vertical-align: inherit;\"><span dir=\"auto\" style=\"vertical-align: inherit;\"><span dir=\"auto\" style=\"vertical-align: inherit;\">A Pr\u00f3-reitoria de Extens\u00e3o (PRE) da Universidade Federal de Santa Maria (UFSM) promover\u00e1, no dia 31 de outubro, duas rodas de conversa sobre a valoriza\u00e7\u00e3o da extens\u00e3o. Os encontros ser\u00e3o realizados no Audit\u00f3rio Marie Curie, Pr\u00e9dio 17, do Campus Santa Maria. No turno da manh\u00e3, o p\u00fablico-alvo s\u00e3o <strong>os (as) servidores (as) t\u00e9cnico-administrativos (as) em educa\u00e7\u00e3o (TAEs), com in\u00edcio \u00e0s 10h<\/strong>. J\u00e1 \u00e0 tarde, o evento ser\u00e1 destinado aos docentes, a partir das 14h.\n\nDe acordo com a pr\u00f3-reitora adjunta da PRE, Jaciele Carine Vidor Sell, o objetivo das rodas de conversa \u00e9 iniciar uma discuss\u00e3o sobre a valoriza\u00e7\u00e3o da extens\u00e3o nas carreiras tanto de docentes quanto de TAEs. A inten\u00e7\u00e3o \u00e9 estimular a pr\u00e1tica da extens\u00e3o por mais pessoas no contexto universit\u00e1rio.\n\nEntre os temas a serem abordados nos dois encontros est\u00e3o: possibilidades de mais valoriza\u00e7\u00e3o da extens\u00e3o, dificuldades de se fazer extens\u00e3o, bem como os fatores respons\u00e1veis por motivar e\/ou desmotivar essa pr\u00e1tica. A divis\u00e3o entre docentes e TAEs se justifica pela necessidade de promover um debate sobre a extens\u00e3o que leve em conta as especificidades de cada categoria e carreira.\n\nO evento integra as a\u00e7\u00f5es da \u201cSemana do Servidor P\u00fablico\u201d e conta com a parceria da Pr\u00f3-reitoria de Gest\u00e3o de Pessoas (Progep) da UFSM, al\u00e9m de apoio da Se\u00e7\u00e3o Sindical dos Docentes da UFSM (SEDUFSM) e da Associa\u00e7\u00e3o dos Servidores da UFSM (ASSUFSM).\n\n<b>Servi\u00e7o:<\/b>\n\nO que? Rodas de conversa de valoriza\u00e7\u00e3o da extens\u00e3o.\n\nQuando? 31 de outubro (quinta-feira).\n\nOnde? Audit\u00f3rio Marie Curie, Pr\u00e9dio 17.\n<h4>Com informa\u00e7\u00f5es da PRE.<\/h4><\/span><\/span><\/span><\/span>\n","protected":false},"excerpt":{"rendered":"<p>A Pr\u00f3-reitoria de Extens\u00e3o (PRE) da Universidade Federal de Santa Maria (UFSM) promover\u00e1, no dia 31 de outubro, duas rodas de conversa sobre a valoriza\u00e7\u00e3o da extens\u00e3o. Os encontros ser\u00e3o realizados no Audit\u00f3rio Marie Curie, Pr\u00e9dio 17, do Campus Santa Maria. No turno da manh\u00e3, o p\u00fablico-alvo s\u00e3o os (as) servidores (as) t\u00e9cnico-administrativos (as) em [&hellip;]<\/p>\n","protected":false},"author":4,"featured_media":0,"comment_status":"open","ping_status":"open","sticky":false,"template":"","format":"standard","meta":{"footnotes":""},"categories":[14],"tags":[],"class_list":["post-18473","post","type-post","status-publish","format-standard","hentry","category-geral"],"_links":{"self":[{"href":"https:\/\/cta.clst17.mxpr.email.pecoraricloud.com.br\/~assufsmcom\/wp-json\/wp\/v2\/posts\/18473","targetHints":{"allow":["GET"]}}],"collection":[{"href":"https:\/\/cta.clst17.mxpr.email.pecoraricloud.com.br\/~assufsmcom\/wp-json\/wp\/v2\/posts"}],"about":[{"href":"https:\/\/cta.clst17.mxpr.email.pecoraricloud.com.br\/~assufsmcom\/wp-json\/wp\/v2\/types\/post"}],"author":[{"embeddable":true,"href":"https:\/\/cta.clst17.mxpr.email.pecoraricloud.com.br\/~assufsmcom\/wp-json\/wp\/v2\/users\/4"}],"replies":[{"embeddable":true,"href":"https:\/\/cta.clst17.mxpr.email.pecoraricloud.com.br\/~assufsmcom\/wp-json\/wp\/v2\/comments?post=18473"}],"version-history":[{"count":1,"href":"https:\/\/cta.clst17.mxpr.email.pecoraricloud.com.br\/~assufsmcom\/wp-json\/wp\/v2\/posts\/18473\/revisions"}],"predecessor-version":[{"id":27905,"href":"https:\/\/cta.clst17.mxpr.email.pecoraricloud.com.br\/~assufsmcom\/wp-json\/wp\/v2\/posts\/18473\/revisions\/27905"}],"wp:attachment":[{"href":"https:\/\/cta.clst17.mxpr.email.pecoraricloud.com.br\/~assufsmcom\/wp-json\/wp\/v2\/media?parent=18473"}],"wp:term":[{"taxonomy":"category","embeddable":true,"href":"https:\/\/cta.clst17.mxpr.email.pecoraricloud.com.br\/~assufsmcom\/wp-json\/wp\/v2\/categories?post=18473"},{"taxonomy":"post_tag","embeddable":true,"href":"https:\/\/cta.clst17.mxpr.email.pecoraricloud.com.br\/~assufsmcom\/wp-json\/wp\/v2\/tags?post=18473"}],"curies":[{"name":"wp","href":"https:\/\/api.w.org\/{rel}","templated":true}]}}