{"id":18474,"date":"2024-10-22T12:38:48","date_gmt":"2024-10-22T15:38:48","guid":{"rendered":"https:\/\/cta.clst17.mxpr.email.pecoraricloud.com.br\/~assufsmcom\/2024\/10\/22\/assufsm-convoca-para-assembleia-extraordinaria-de-filiados-as\/"},"modified":"2026-04-01T11:30:53","modified_gmt":"2026-04-01T14:30:53","slug":"assufsm-convoca-para-assembleia-extraordinaria-de-filiados-as","status":"publish","type":"post","link":"https:\/\/cta.clst17.mxpr.email.pecoraricloud.com.br\/~assufsmcom\/2024\/10\/22\/assufsm-convoca-para-assembleia-extraordinaria-de-filiados-as\/","title":{"rendered":"Assufsm convoca para Assembleia Extraordin\u00e1ria de Filiados (as)"},"content":{"rendered":"\n<p><span dir=\"auto\" style=\"vertical-align: inherit;\"><span dir=\"auto\" style=\"vertical-align: inherit;\"><span dir=\"auto\" style=\"vertical-align: inherit;\"><span dir=\"auto\" style=\"vertical-align: inherit;\">No dia <strong>5 de novembro<\/strong>, ter\u00e7a-feira, a Assufsm realiza Assembleia Extraordin\u00e1ria de Filiados (as). Na pauta, a <strong>discuss\u00e3o sobre a compra da sede administrativa da Assufsm<\/strong>. A convoca\u00e7\u00e3o ocorre com 15 dias de anteced\u00eancia conforme regulamento.<\/p>\n\n\n\n<p>A Assembleia Extraordin\u00e1ria de Filiados (as) ser\u00e1 realizada no <strong>Audit\u00f3rio do CTISM<\/strong>, com a <strong>primeira chamada marcada para as 9h e a segunda, para as 9h30min<\/strong>.<\/p>\n\n\n\n<p>Confira o edital na \u00edntegra a seguir:<\/p>\n\n\n\n<p><strong>Edital Assufsm 01\/2024 &#8211; Assembleia Extraordin\u00e1ria de Filiados para aquisi\u00e7\u00e3o de sede administrativa<\/strong><\/p>\n\n\n\n<p>A Dire\u00e7\u00e3o da Associa\u00e7\u00e3o dos(as) Servidores(as) T\u00e9cnico-Administrativos(as) da Universidade Federal de Santa Maria &#8211; ASSUFSM &#8211; no uso das disposi\u00e7\u00f5es regimentais e estatut\u00e1rias, em acordo com o Art. 9 al\u00edneas &#8216;c&#8217; e &#8216;d&#8217;; Art. 33; e Art. 34 al\u00edneas &#8216;d&#8217; e &#8216;e&#8217;, convoca aos(\u00e0s) servidores(as) associados(as) ao sindicato para Assembleia Extraordin\u00e1ria de Filiados, a ser realizada no dia 05 (cinco) de novembro de 2024, no audit\u00f3rio do Col\u00e9gio T\u00e9cnico Industrial de Santa Maria (CTISM), com primeira chamada \u00e0s 09h (nove horas) com maioria de seus membros ou \u00e0s 9h30 (nove horas e trinta minutos) com qualquer n\u00famero para deliberar sobre a pauta \u00fanica: aquisi\u00e7\u00e3o de sede administrativa para a Assufsm.<\/p>\n\n\n\n<p>Santa Maria, 22 de outubro de 2024.<\/p>\n\n\n\n<p>Alessandra Alfaro Bastos<br>Coordenadora Geral<\/p>\n\n\n\n<p>Ciro Eduardo Silva de Oliveira<br>Coordenador Geral<\/p>\n\n\n\n<p>Nat\u00e1lia San Martin dos Santos<br>Coordenadora Geral<\/p>\n\n\n\n<p>TAE, participe das decis\u00f5es do seu sindicato!<\/span><\/span><\/span><\/span><\/p>\n","protected":false},"excerpt":{"rendered":"<p>No dia 5 de novembro, ter\u00e7a-feira, a Assufsm realiza Assembleia Extraordin\u00e1ria de Filiados (as). Na pauta, a discuss\u00e3o sobre a compra da sede administrativa da Assufsm. A convoca\u00e7\u00e3o ocorre com 15 dias de anteced\u00eancia conforme regulamento. A Assembleia Extraordin\u00e1ria de Filiados (as) ser\u00e1 realizada no Audit\u00f3rio do CTISM, com a primeira chamada marcada para as [&hellip;]<\/p>\n","protected":false},"author":4,"featured_media":18475,"comment_status":"open","ping_status":"open","sticky":false,"template":"","format":"standard","meta":{"footnotes":""},"categories":[14],"tags":[],"class_list":["post-18474","post","type-post","status-publish","format-standard","has-post-thumbnail","hentry","category-geral"],"_links":{"self":[{"href":"https:\/\/cta.clst17.mxpr.email.pecoraricloud.com.br\/~assufsmcom\/wp-json\/wp\/v2\/posts\/18474","targetHints":{"allow":["GET"]}}],"collection":[{"href":"https:\/\/cta.clst17.mxpr.email.pecoraricloud.com.br\/~assufsmcom\/wp-json\/wp\/v2\/posts"}],"about":[{"href":"https:\/\/cta.clst17.mxpr.email.pecoraricloud.com.br\/~assufsmcom\/wp-json\/wp\/v2\/types\/post"}],"author":[{"embeddable":true,"href":"https:\/\/cta.clst17.mxpr.email.pecoraricloud.com.br\/~assufsmcom\/wp-json\/wp\/v2\/users\/4"}],"replies":[{"embeddable":true,"href":"https:\/\/cta.clst17.mxpr.email.pecoraricloud.com.br\/~assufsmcom\/wp-json\/wp\/v2\/comments?post=18474"}],"version-history":[{"count":1,"href":"https:\/\/cta.clst17.mxpr.email.pecoraricloud.com.br\/~assufsmcom\/wp-json\/wp\/v2\/posts\/18474\/revisions"}],"predecessor-version":[{"id":27906,"href":"https:\/\/cta.clst17.mxpr.email.pecoraricloud.com.br\/~assufsmcom\/wp-json\/wp\/v2\/posts\/18474\/revisions\/27906"}],"wp:featuredmedia":[{"embeddable":true,"href":"https:\/\/cta.clst17.mxpr.email.pecoraricloud.com.br\/~assufsmcom\/wp-json\/wp\/v2\/media\/18475"}],"wp:attachment":[{"href":"https:\/\/cta.clst17.mxpr.email.pecoraricloud.com.br\/~assufsmcom\/wp-json\/wp\/v2\/media?parent=18474"}],"wp:term":[{"taxonomy":"category","embeddable":true,"href":"https:\/\/cta.clst17.mxpr.email.pecoraricloud.com.br\/~assufsmcom\/wp-json\/wp\/v2\/categories?post=18474"},{"taxonomy":"post_tag","embeddable":true,"href":"https:\/\/cta.clst17.mxpr.email.pecoraricloud.com.br\/~assufsmcom\/wp-json\/wp\/v2\/tags?post=18474"}],"curies":[{"name":"wp","href":"https:\/\/api.w.org\/{rel}","templated":true}]}}