{"id":18484,"date":"2024-10-23T12:32:13","date_gmt":"2024-10-23T15:32:13","guid":{"rendered":"https:\/\/cta.clst17.mxpr.email.pecoraricloud.com.br\/~assufsmcom\/2024\/10\/23\/plantao-juridico-esta-cancelado-na-manha-dessa-quarta-23\/"},"modified":"2026-04-01T11:30:53","modified_gmt":"2026-04-01T14:30:53","slug":"plantao-juridico-esta-cancelado-na-manha-dessa-quarta-23","status":"publish","type":"post","link":"https:\/\/cta.clst17.mxpr.email.pecoraricloud.com.br\/~assufsmcom\/2024\/10\/23\/plantao-juridico-esta-cancelado-na-manha-dessa-quarta-23\/","title":{"rendered":"Plant\u00e3o Jur\u00eddico est\u00e1 cancelado na manh\u00e3 dessa quarta (23)"},"content":{"rendered":"\n<p><span dir=\"auto\" style=\"vertical-align: inherit;\"><span dir=\"auto\" style=\"vertical-align: inherit;\"><span dir=\"auto\" style=\"vertical-align: inherit;\"><span dir=\"auto\" style=\"vertical-align: inherit;\">O plant\u00e3o jur\u00eddico que ocorre tradicionalmente todas as quartas de manh\u00e3 no escrit\u00f3rio da Wagner Advogados Associados, no centro de Santa Maria, foi cancelado na manh\u00e3 de hoje, dia 23 de outubro, em decorr\u00eancia de um problema t\u00e9cnico que ocorreu ontem, no pr\u00e9dio.<\/p>\n\n\n\n<p>Conforme o escrit\u00f3rio, ainda n\u00e3o se sabe exatamente o que aconteceu, mas houve um grande vazamento em uma bomba d&#8217;\u00e1gua que inundou parte do pr\u00e9dio e os elevadores. Ent\u00e3o, hoje (23) n\u00e3o \u00e9 poss\u00edvel atender os clientes de forma presencial, pois o sistema de elevador e \u00e1gua est\u00e1 desativado at\u00e9 tudo ser resolvido.<\/p>\n\n\n\n<p>Os atendimentos da manh\u00e3 foram reagendados. O atendimento no HUSM, na parte da tarde, na sala 4.043 ser\u00e3o atendidos de maneira normal, n\u00e3o sendo o caso de reagendamento.<\/p>\n\n\n\n<p>TAE, agradecemos sua compreens\u00e3o!<\/span><\/span><\/span><\/span><\/p>\n","protected":false},"excerpt":{"rendered":"<p>O plant\u00e3o jur\u00eddico que ocorre tradicionalmente todas as quartas de manh\u00e3 no escrit\u00f3rio da Wagner Advogados Associados, no centro de Santa Maria, foi cancelado na manh\u00e3 de hoje, dia 23 de outubro, em decorr\u00eancia de um problema t\u00e9cnico que ocorreu ontem, no pr\u00e9dio. Conforme o escrit\u00f3rio, ainda n\u00e3o se sabe exatamente o que aconteceu, mas [&hellip;]<\/p>\n","protected":false},"author":4,"featured_media":18485,"comment_status":"open","ping_status":"open","sticky":false,"template":"","format":"standard","meta":{"footnotes":""},"categories":[14],"tags":[],"class_list":["post-18484","post","type-post","status-publish","format-standard","has-post-thumbnail","hentry","category-geral"],"_links":{"self":[{"href":"https:\/\/cta.clst17.mxpr.email.pecoraricloud.com.br\/~assufsmcom\/wp-json\/wp\/v2\/posts\/18484","targetHints":{"allow":["GET"]}}],"collection":[{"href":"https:\/\/cta.clst17.mxpr.email.pecoraricloud.com.br\/~assufsmcom\/wp-json\/wp\/v2\/posts"}],"about":[{"href":"https:\/\/cta.clst17.mxpr.email.pecoraricloud.com.br\/~assufsmcom\/wp-json\/wp\/v2\/types\/post"}],"author":[{"embeddable":true,"href":"https:\/\/cta.clst17.mxpr.email.pecoraricloud.com.br\/~assufsmcom\/wp-json\/wp\/v2\/users\/4"}],"replies":[{"embeddable":true,"href":"https:\/\/cta.clst17.mxpr.email.pecoraricloud.com.br\/~assufsmcom\/wp-json\/wp\/v2\/comments?post=18484"}],"version-history":[{"count":1,"href":"https:\/\/cta.clst17.mxpr.email.pecoraricloud.com.br\/~assufsmcom\/wp-json\/wp\/v2\/posts\/18484\/revisions"}],"predecessor-version":[{"id":27912,"href":"https:\/\/cta.clst17.mxpr.email.pecoraricloud.com.br\/~assufsmcom\/wp-json\/wp\/v2\/posts\/18484\/revisions\/27912"}],"wp:featuredmedia":[{"embeddable":true,"href":"https:\/\/cta.clst17.mxpr.email.pecoraricloud.com.br\/~assufsmcom\/wp-json\/wp\/v2\/media\/18485"}],"wp:attachment":[{"href":"https:\/\/cta.clst17.mxpr.email.pecoraricloud.com.br\/~assufsmcom\/wp-json\/wp\/v2\/media?parent=18484"}],"wp:term":[{"taxonomy":"category","embeddable":true,"href":"https:\/\/cta.clst17.mxpr.email.pecoraricloud.com.br\/~assufsmcom\/wp-json\/wp\/v2\/categories?post=18484"},{"taxonomy":"post_tag","embeddable":true,"href":"https:\/\/cta.clst17.mxpr.email.pecoraricloud.com.br\/~assufsmcom\/wp-json\/wp\/v2\/tags?post=18484"}],"curies":[{"name":"wp","href":"https:\/\/api.w.org\/{rel}","templated":true}]}}