{"id":18488,"date":"2024-10-23T20:07:04","date_gmt":"2024-10-23T23:07:04","guid":{"rendered":"https:\/\/cta.clst17.mxpr.email.pecoraricloud.com.br\/~assufsmcom\/2024\/10\/23\/gt-politicas-sociais-e-antirracismo-programa-acoes-para-a-semana-da-consciencia-negra\/"},"modified":"2026-04-01T11:30:53","modified_gmt":"2026-04-01T14:30:53","slug":"gt-politicas-sociais-e-antirracismo-programa-acoes-para-a-semana-da-consciencia-negra","status":"publish","type":"post","link":"https:\/\/cta.clst17.mxpr.email.pecoraricloud.com.br\/~assufsmcom\/2024\/10\/23\/gt-politicas-sociais-e-antirracismo-programa-acoes-para-a-semana-da-consciencia-negra\/","title":{"rendered":"GT Pol\u00edticas Sociais e Antirracismo programa a\u00e7\u00f5es para a semana da Consci\u00eancia Negra"},"content":{"rendered":"\n<p><span dir=\"auto\" style=\"vertical-align: inherit;\"><span dir=\"auto\" style=\"vertical-align: inherit;\"><span dir=\"auto\" style=\"vertical-align: inherit;\"><span dir=\"auto\" style=\"vertical-align: inherit;\">O GT Pol\u00edticas Sociais e Antirracismo se reuniu nesta quarta-feira, dia 23 de outubro, na Sala Inovadora da Biblioteca Setorial do CCSH, para definir a programa\u00e7\u00e3o da Assufsm para a semana da Consci\u00eancia Negra, que tem data chave marcada no feriado de 20 de novembro.<\/p>\n\n\n\n<p>Tamb\u00e9m foram relatadas preocupa\u00e7\u00f5es com medidas de combate ao racismo no \u00e2mbito da univeridade, viol\u00eancias simb\u00f3licas que atingem uma parcela dos (as) TAEs da UFSM. Diariamente, os (as) servidores (as) negros (as) relataram sofrer discrimina\u00e7\u00e3o em coment\u00e1rios diversos e que \u00e9 necess\u00e1rio externar esses problemas.<\/p>\n\n\n\n<p>Paulo Ronaldo da Silva, coordenador de Esporte, Cultura e Lazer, destacou que a reuni\u00e3o foi muito produtiva, principalmente na constru\u00e7\u00e3o do calend\u00e1rio para a Semana da Consci\u00eancia Negra pela abrang\u00eancia de temas e a\u00e7\u00f5es com a comunidade interna de TAEs e com a administra\u00e7\u00e3o da universidade. Desde j\u00e1 ele convida os (as) colegas a participarem dos eventos. A semana ser\u00e1 importante tanto para conscientizar a comunidade interna, quanto externa, afinal o racismo \u00e9 uma quest\u00e3o de todos n\u00f3s e a Assufsm est\u00e1 fazendo a sua parte contra o racismo.<\/p>\n\n\n\n<p>\u00c2ngela Souza, TAE, ressaltou o momento de mostrar um trabalho contra racismo, que \u00e9 sistem\u00e1tico e anual. Para ela, \u00e9 necess\u00e1rio sair da perspectiva de s\u00f3 em novembro tratar do tema, s\u00e3o necess\u00e1rias mudan\u00e7as reais, concretas e efetivas. A expectativa \u00e9 grande, especialmente por incentivar que se aquilombe com outros (as) colegas, refor\u00e7ando a pauta de promo\u00e7\u00e3o da igualdade racial.<\/p>\n\n\n\n<p>A coordenadora-geral da Assufsm Alessandra Alfaro frisou a import\u00e2ncia da reuni\u00e3o do GT, com a defini\u00e7\u00e3o da agenda, com interven\u00e7\u00f5es nas m\u00eddias sociais da Assufsm solicitando contribui\u00e7\u00f5es do povo negro, com inseri\u00e7\u00f5es no programa de r\u00e1dio Espa\u00e7o Sindical. Al\u00e9m disso, haver\u00e1 interven\u00e7\u00f5es art\u00edsticas, entre outras atra\u00e7\u00f5es que em breve ser\u00e3o divulgadas.<\/p>\n\n\n\n<p>Participaram do encontro tamb\u00e9m a coordenadora-geral da Assufsm Nat\u00e1lia San Martin e os coordenadores de Forma\u00e7\u00e3o Pol\u00edtica Sindical Vanessa Kunz e Paulo Roberto Martins.<\/p>\n\n\n\n<p>Confira fotos do GT <a href=\"https:\/\/www.facebook.com\/media\/set\/?vanity=assufsm&amp;set=a.976933594478688\">aqui<\/a>.<\/p>\n\n\n\n<p>&nbsp;<\/p>\n\n\n\n<p>&nbsp;<\/p>\n\n\n\n<p>&nbsp;<\/span><\/span><\/span><\/span><\/p>\n","protected":false},"excerpt":{"rendered":"<p>O GT Pol\u00edticas Sociais e Antirracismo se reuniu nesta quarta-feira, dia 23 de outubro, na Sala Inovadora da Biblioteca Setorial do CCSH, para definir a programa\u00e7\u00e3o da Assufsm para a semana da Consci\u00eancia Negra, que tem data chave marcada no feriado de 20 de novembro. Tamb\u00e9m foram relatadas preocupa\u00e7\u00f5es com medidas de combate ao racismo [&hellip;]<\/p>\n","protected":false},"author":4,"featured_media":18489,"comment_status":"open","ping_status":"open","sticky":false,"template":"","format":"standard","meta":{"footnotes":""},"categories":[14],"tags":[],"class_list":["post-18488","post","type-post","status-publish","format-standard","has-post-thumbnail","hentry","category-geral"],"_links":{"self":[{"href":"https:\/\/cta.clst17.mxpr.email.pecoraricloud.com.br\/~assufsmcom\/wp-json\/wp\/v2\/posts\/18488","targetHints":{"allow":["GET"]}}],"collection":[{"href":"https:\/\/cta.clst17.mxpr.email.pecoraricloud.com.br\/~assufsmcom\/wp-json\/wp\/v2\/posts"}],"about":[{"href":"https:\/\/cta.clst17.mxpr.email.pecoraricloud.com.br\/~assufsmcom\/wp-json\/wp\/v2\/types\/post"}],"author":[{"embeddable":true,"href":"https:\/\/cta.clst17.mxpr.email.pecoraricloud.com.br\/~assufsmcom\/wp-json\/wp\/v2\/users\/4"}],"replies":[{"embeddable":true,"href":"https:\/\/cta.clst17.mxpr.email.pecoraricloud.com.br\/~assufsmcom\/wp-json\/wp\/v2\/comments?post=18488"}],"version-history":[{"count":1,"href":"https:\/\/cta.clst17.mxpr.email.pecoraricloud.com.br\/~assufsmcom\/wp-json\/wp\/v2\/posts\/18488\/revisions"}],"predecessor-version":[{"id":27914,"href":"https:\/\/cta.clst17.mxpr.email.pecoraricloud.com.br\/~assufsmcom\/wp-json\/wp\/v2\/posts\/18488\/revisions\/27914"}],"wp:featuredmedia":[{"embeddable":true,"href":"https:\/\/cta.clst17.mxpr.email.pecoraricloud.com.br\/~assufsmcom\/wp-json\/wp\/v2\/media\/18489"}],"wp:attachment":[{"href":"https:\/\/cta.clst17.mxpr.email.pecoraricloud.com.br\/~assufsmcom\/wp-json\/wp\/v2\/media?parent=18488"}],"wp:term":[{"taxonomy":"category","embeddable":true,"href":"https:\/\/cta.clst17.mxpr.email.pecoraricloud.com.br\/~assufsmcom\/wp-json\/wp\/v2\/categories?post=18488"},{"taxonomy":"post_tag","embeddable":true,"href":"https:\/\/cta.clst17.mxpr.email.pecoraricloud.com.br\/~assufsmcom\/wp-json\/wp\/v2\/tags?post=18488"}],"curies":[{"name":"wp","href":"https:\/\/api.w.org\/{rel}","templated":true}]}}