{"id":18494,"date":"2024-10-24T14:11:53","date_gmt":"2024-10-24T17:11:53","guid":{"rendered":"https:\/\/cta.clst17.mxpr.email.pecoraricloud.com.br\/~assufsmcom\/2024\/10\/24\/governo-marca-reuniao-para-discutir-reposicionamento-de-aposentados-no-pcctae-apos-pressao-da-fasubra\/"},"modified":"2026-04-01T11:30:53","modified_gmt":"2026-04-01T14:30:53","slug":"governo-marca-reuniao-para-discutir-reposicionamento-de-aposentados-no-pcctae-apos-pressao-da-fasubra","status":"publish","type":"post","link":"https:\/\/cta.clst17.mxpr.email.pecoraricloud.com.br\/~assufsmcom\/2024\/10\/24\/governo-marca-reuniao-para-discutir-reposicionamento-de-aposentados-no-pcctae-apos-pressao-da-fasubra\/","title":{"rendered":"Governo marca reuni\u00e3o para discutir reposicionamento de aposentados no PCCTAE, ap\u00f3s press\u00e3o da Fasubra"},"content":{"rendered":"\n<span dir=\"auto\" style=\"vertical-align: inherit;\"><span dir=\"auto\" style=\"vertical-align: inherit;\"><span dir=\"auto\" style=\"vertical-align: inherit;\"><span dir=\"auto\" style=\"vertical-align: inherit;\">Ap\u00f3s forte press\u00e3o da Fasubra (Federa\u00e7\u00e3o de Sindicatos de Trabalhadores T\u00e9cnico-Administrativos em Institui\u00e7\u00f5es de Ensino Superior P\u00fablicas do Brasil), o governo federal agendou para o dia 29 de outubro, \u00e0s 10h, a pr\u00f3xima reuni\u00e3o do Grupo de Trabalho (GT-PCCTAE), com o objetivo de discutir o reposicionamento dos servidores aposentados. A reuni\u00e3o ser\u00e1 realizada conforme previsto na Cl\u00e1usula Nona do Termo de Acordo n\u00ba 11\/2024, firmado entre a Fasubra e o governo.\n\nA Cl\u00e1usula Nona trata especificamente da situa\u00e7\u00e3o dos aposentados enquadrados no Plano de Carreira dos Cargos T\u00e9cnico-Administrativos em Educa\u00e7\u00e3o (PCCTAE), no momento de sua cria\u00e7\u00e3o. Estes servidores foram posicionados levando em considera\u00e7\u00e3o o tempo de servi\u00e7o p\u00fablico federal. A demanda central \u00e9 revisar o enquadramento desses profissionais para garantir uma corre\u00e7\u00e3o que respeite suas contribui\u00e7\u00f5es ao longo de suas carreiras e a sua posi\u00e7\u00e3o relativa na tabela, \u00e0 epoca.\n\nSegundo o Termo de Acordo, o reposicionamento dos aposentados ser\u00e1 analisado em reuni\u00f5es do GT, composto por membros do Minist\u00e9rio da Gest\u00e3o e Inova\u00e7\u00e3o (MGI), Minist\u00e9rio da Educa\u00e7\u00e3o (MEC), Comiss\u00e3o Nacional de Supervis\u00e3o (CNS), e representantes dos servidores. A an\u00e1lise abranger\u00e1 o levantamento dos impactos financeiros desta medida. Caso seja constatada a viabilidade, o reposicionamento ser\u00e1 implementado em 2025.\n\nA Fasubra tem atuado de forma permanente para que o governo mantenha seu compromisso com os aposentados, alegando que o reposicionamento \u00e9 uma quest\u00e3o de justi\u00e7a e reconhecimento aos trabalhadores que dedicaram suas vidas ao servi\u00e7o p\u00fablico. A Federa\u00e7\u00e3o destaca que esta medida \u00e9 crucial para corrigir distor\u00e7\u00f5es hist\u00f3ricas no plano de carreira.\n\nA reuni\u00e3o do dia 29 ser\u00e1 um momento muito importante, porque nunca hav\u00edamos conseguido pautar este tema junto ao governo, gerando insatisfa\u00e7\u00e3o entre os servidores aposentados que aguardam uma solu\u00e7\u00e3o. A expectativa \u00e9 que, al\u00e9m da an\u00e1lise dos impactos, sejam discutidos cronogramas e mecanismos para a efetiva implementa\u00e7\u00e3o do reposicionamento.\n\nO resultado dessas discuss\u00f5es ser\u00e1 acompanhado de perto pelas entidades sindicais, que esperam um avan\u00e7o concreto na valoriza\u00e7\u00e3o dos trabalhadores aposentados.\n<h4>Texto e Arte: FASUBRA<\/h4><\/span><\/span><\/span><\/span>\n","protected":false},"excerpt":{"rendered":"<p>Ap\u00f3s forte press\u00e3o da Fasubra (Federa\u00e7\u00e3o de Sindicatos de Trabalhadores T\u00e9cnico-Administrativos em Institui\u00e7\u00f5es de Ensino Superior P\u00fablicas do Brasil), o governo federal agendou para o dia 29 de outubro, \u00e0s 10h, a pr\u00f3xima reuni\u00e3o do Grupo de Trabalho (GT-PCCTAE), com o objetivo de discutir o reposicionamento dos servidores aposentados. A reuni\u00e3o ser\u00e1 realizada conforme previsto [&hellip;]<\/p>\n","protected":false},"author":4,"featured_media":18495,"comment_status":"open","ping_status":"open","sticky":false,"template":"","format":"standard","meta":{"footnotes":""},"categories":[14],"tags":[],"class_list":["post-18494","post","type-post","status-publish","format-standard","has-post-thumbnail","hentry","category-geral"],"_links":{"self":[{"href":"https:\/\/cta.clst17.mxpr.email.pecoraricloud.com.br\/~assufsmcom\/wp-json\/wp\/v2\/posts\/18494","targetHints":{"allow":["GET"]}}],"collection":[{"href":"https:\/\/cta.clst17.mxpr.email.pecoraricloud.com.br\/~assufsmcom\/wp-json\/wp\/v2\/posts"}],"about":[{"href":"https:\/\/cta.clst17.mxpr.email.pecoraricloud.com.br\/~assufsmcom\/wp-json\/wp\/v2\/types\/post"}],"author":[{"embeddable":true,"href":"https:\/\/cta.clst17.mxpr.email.pecoraricloud.com.br\/~assufsmcom\/wp-json\/wp\/v2\/users\/4"}],"replies":[{"embeddable":true,"href":"https:\/\/cta.clst17.mxpr.email.pecoraricloud.com.br\/~assufsmcom\/wp-json\/wp\/v2\/comments?post=18494"}],"version-history":[{"count":1,"href":"https:\/\/cta.clst17.mxpr.email.pecoraricloud.com.br\/~assufsmcom\/wp-json\/wp\/v2\/posts\/18494\/revisions"}],"predecessor-version":[{"id":27917,"href":"https:\/\/cta.clst17.mxpr.email.pecoraricloud.com.br\/~assufsmcom\/wp-json\/wp\/v2\/posts\/18494\/revisions\/27917"}],"wp:featuredmedia":[{"embeddable":true,"href":"https:\/\/cta.clst17.mxpr.email.pecoraricloud.com.br\/~assufsmcom\/wp-json\/wp\/v2\/media\/18495"}],"wp:attachment":[{"href":"https:\/\/cta.clst17.mxpr.email.pecoraricloud.com.br\/~assufsmcom\/wp-json\/wp\/v2\/media?parent=18494"}],"wp:term":[{"taxonomy":"category","embeddable":true,"href":"https:\/\/cta.clst17.mxpr.email.pecoraricloud.com.br\/~assufsmcom\/wp-json\/wp\/v2\/categories?post=18494"},{"taxonomy":"post_tag","embeddable":true,"href":"https:\/\/cta.clst17.mxpr.email.pecoraricloud.com.br\/~assufsmcom\/wp-json\/wp\/v2\/tags?post=18494"}],"curies":[{"name":"wp","href":"https:\/\/api.w.org\/{rel}","templated":true}]}}