{"id":18517,"date":"2024-10-25T16:06:48","date_gmt":"2024-10-25T19:06:48","guid":{"rendered":"https:\/\/cta.clst17.mxpr.email.pecoraricloud.com.br\/~assufsmcom\/2024\/10\/25\/cargos-e-desenvolvimento-tematizam-plenaria-virtual-da-fasubra-assufsm-participa\/"},"modified":"2026-04-01T11:30:53","modified_gmt":"2026-04-01T14:30:53","slug":"cargos-e-desenvolvimento-tematizam-plenaria-virtual-da-fasubra-assufsm-participa","status":"publish","type":"post","link":"https:\/\/cta.clst17.mxpr.email.pecoraricloud.com.br\/~assufsmcom\/2024\/10\/25\/cargos-e-desenvolvimento-tematizam-plenaria-virtual-da-fasubra-assufsm-participa\/","title":{"rendered":"Cargos e Desenvolvimento tematizam Plen\u00e1ria Virtual da FASUBRA; Assufsm participa"},"content":{"rendered":"\n<p><span dir=\"auto\" style=\"vertical-align: inherit;\"><span dir=\"auto\" style=\"vertical-align: inherit;\"><span dir=\"auto\" style=\"vertical-align: inherit;\"><span dir=\"auto\" style=\"vertical-align: inherit;\">A Federa\u00e7\u00e3o de Sindicatos de Trabalhadores T\u00e9cnico-administrativos (as) em Institui\u00e7\u00f5es de Ensino Superior P\u00fablicas do Brasil (FASUBRA) iniciou ontem, dia 24 de outubro, uma importante plen\u00e1ria virtual que se estender\u00e1 at\u00e9 hoje, dia 25. O evento re\u00fane representantes de diversas universidades federais e sindicatos locais para debater pautas cruciais relacionadas aos cargos e ao desenvolvimento dos trabalhadores (as) t\u00e9cnico-administrativos (as) em educa\u00e7\u00e3o.<\/p>\n\n\n\n<p>A plen\u00e1ria, realizada de maneira remota, busca tratar de temas que impactam diretamente o cotidiano da categoria. O objetivo \u00e9 discutir propostas para melhorias nas condi\u00e7\u00f5es de trabalho, al\u00e9m de abordar a valoriza\u00e7\u00e3o dos cargos ocupados pelos trabalhadores e trabalhadoras t\u00e9cnico-administrativos (as) em educa\u00e7\u00e3o.<\/p>\n\n\n\n<p><strong>Pauta central: cargos e desenvolvimento<\/strong><\/p>\n\n\n\n<p>O principal ponto de discuss\u00e3o da plen\u00e1ria envolve a quest\u00e3o do desenvolvimento na carreira dos (as) t\u00e9cnico-administrativos (as), com foco na reformula\u00e7\u00e3o de planos de cargos e sal\u00e1rios. A categoria busca avan\u00e7ar nas negocia\u00e7\u00f5es com o governo federal, visando adequa\u00e7\u00f5es que contemplem tanto a progress\u00e3o funcional quanto a melhoria nas condi\u00e7\u00f5es de trabalho e remunera\u00e7\u00e3o.<br>As delibera\u00e7\u00f5es que surgirem desse debate ser\u00e3o levadas como diretrizes para futuras negocia\u00e7\u00f5es com o governo e para a defesa dos direitos da categoria.<\/p>\n\n\n\n<p>A FASUBRA, que ao longo dos anos tem se consolidado como uma importante entidade de luta sindical no pa\u00eds, destaca a import\u00e2ncia de momentos como este para a organiza\u00e7\u00e3o da categoria e o fortalecimento da pauta dos trabalhadores do servi\u00e7o p\u00fablico.<\/p>\n\n\n\n<p>A plen\u00e1ria ocorre em um momento decisivo, e as discuss\u00f5es s\u00e3o vistas como um passo importante na busca por melhores condi\u00e7\u00f5es para os (as) t\u00e9cnico-administrativos (as) em educa\u00e7\u00e3o, que desempenham um papel vital no funcionamento das universidades p\u00fablicas.<\/p>\n\n\n\n<p>O encerramento do evento est\u00e1 previsto para hoje, dia 25, com a defini\u00e7\u00e3o das pr\u00f3ximas a\u00e7\u00f5es da federa\u00e7\u00e3o e a formula\u00e7\u00e3o de propostas que ser\u00e3o apresentadas em inst\u00e2ncias superiores de negocia\u00e7\u00e3o.<\/p>\n\n\n\n<p><strong>Participa\u00e7\u00e3o da Assufsm<\/strong><\/p>\n\n\n\n<p>A Plen\u00e1ria Virtual da FASUBRA contou com intensa participa\u00e7\u00e3o da Assufsm, com cinco delegados (as). Participa, pelo VAL, Loiva Chansis e Alessandra Alfaro; e, pelo REUNIR, Andr\u00e9 Comin, Nat\u00e1lia San Martin e Paulo Martins.<\/span><\/span><\/span><\/span><\/p>\n","protected":false},"excerpt":{"rendered":"<p>A Federa\u00e7\u00e3o de Sindicatos de Trabalhadores T\u00e9cnico-administrativos (as) em Institui\u00e7\u00f5es de Ensino Superior P\u00fablicas do Brasil (FASUBRA) iniciou ontem, dia 24 de outubro, uma importante plen\u00e1ria virtual que se estender\u00e1 at\u00e9 hoje, dia 25. O evento re\u00fane representantes de diversas universidades federais e sindicatos locais para debater pautas cruciais relacionadas aos cargos e ao desenvolvimento [&hellip;]<\/p>\n","protected":false},"author":4,"featured_media":18518,"comment_status":"open","ping_status":"open","sticky":false,"template":"","format":"standard","meta":{"footnotes":""},"categories":[14],"tags":[],"class_list":["post-18517","post","type-post","status-publish","format-standard","has-post-thumbnail","hentry","category-geral"],"_links":{"self":[{"href":"https:\/\/cta.clst17.mxpr.email.pecoraricloud.com.br\/~assufsmcom\/wp-json\/wp\/v2\/posts\/18517","targetHints":{"allow":["GET"]}}],"collection":[{"href":"https:\/\/cta.clst17.mxpr.email.pecoraricloud.com.br\/~assufsmcom\/wp-json\/wp\/v2\/posts"}],"about":[{"href":"https:\/\/cta.clst17.mxpr.email.pecoraricloud.com.br\/~assufsmcom\/wp-json\/wp\/v2\/types\/post"}],"author":[{"embeddable":true,"href":"https:\/\/cta.clst17.mxpr.email.pecoraricloud.com.br\/~assufsmcom\/wp-json\/wp\/v2\/users\/4"}],"replies":[{"embeddable":true,"href":"https:\/\/cta.clst17.mxpr.email.pecoraricloud.com.br\/~assufsmcom\/wp-json\/wp\/v2\/comments?post=18517"}],"version-history":[{"count":1,"href":"https:\/\/cta.clst17.mxpr.email.pecoraricloud.com.br\/~assufsmcom\/wp-json\/wp\/v2\/posts\/18517\/revisions"}],"predecessor-version":[{"id":27926,"href":"https:\/\/cta.clst17.mxpr.email.pecoraricloud.com.br\/~assufsmcom\/wp-json\/wp\/v2\/posts\/18517\/revisions\/27926"}],"wp:featuredmedia":[{"embeddable":true,"href":"https:\/\/cta.clst17.mxpr.email.pecoraricloud.com.br\/~assufsmcom\/wp-json\/wp\/v2\/media\/18518"}],"wp:attachment":[{"href":"https:\/\/cta.clst17.mxpr.email.pecoraricloud.com.br\/~assufsmcom\/wp-json\/wp\/v2\/media?parent=18517"}],"wp:term":[{"taxonomy":"category","embeddable":true,"href":"https:\/\/cta.clst17.mxpr.email.pecoraricloud.com.br\/~assufsmcom\/wp-json\/wp\/v2\/categories?post=18517"},{"taxonomy":"post_tag","embeddable":true,"href":"https:\/\/cta.clst17.mxpr.email.pecoraricloud.com.br\/~assufsmcom\/wp-json\/wp\/v2\/tags?post=18517"}],"curies":[{"name":"wp","href":"https:\/\/api.w.org\/{rel}","templated":true}]}}