{"id":29640,"date":"2026-03-30T15:45:24","date_gmt":"2026-03-30T18:45:24","guid":{"rendered":"https:\/\/cta.clst17.mxpr.email.pecoraricloud.com.br\/~assufsmcom\/2026\/03\/30\/progep-informa-aniversariantes-de-janeiro-com-prova-de-vida-em-atraso-tem-ate-dia-10-de-abril-para-regularizar-a-situacao\/"},"modified":"2026-03-30T15:45:24","modified_gmt":"2026-03-30T18:45:24","slug":"progep-informa-aniversariantes-de-janeiro-com-prova-de-vida-em-atraso-tem-ate-dia-10-de-abril-para-regularizar-a-situacao","status":"publish","type":"post","link":"https:\/\/cta.clst17.mxpr.email.pecoraricloud.com.br\/~assufsmcom\/2026\/03\/30\/progep-informa-aniversariantes-de-janeiro-com-prova-de-vida-em-atraso-tem-ate-dia-10-de-abril-para-regularizar-a-situacao\/","title":{"rendered":"PROGEP Informa: Aniversariantes de janeiro com prova de vida em atraso tem at\u00e9 dia 10 de abril para regularizar a situa\u00e7\u00e3o"},"content":{"rendered":"\n<span dir=\"auto\" style=\"vertical-align: inherit;\"><span dir=\"auto\" style=\"vertical-align: inherit;\"><span dir=\"auto\" style=\"vertical-align: inherit;\"><span dir=\"auto\" style=\"vertical-align: inherit;\"><p id=\"avWBGd-2708\">Aten\u00e7\u00e3o para a rela\u00e7\u00e3o dos aniversariantes do m\u00eas de janeiro de 2026, aposentados(as) e pensionistas, que ter\u00e3o o pagamento do provento e\/ou benef\u00edcio de pens\u00e3o suspenso por motivo de n\u00e3o atendimento \u00e0 convoca\u00e7\u00e3o e respectiva notifica\u00e7\u00e3o para realizar a prova de vida anual.\nPara evitar a suspens\u00e3o do pagamento deve ser realizada a comprova\u00e7\u00e3o de vida at\u00e9 o dia<b>\u00a010 de abril de 2026<\/b>, mediante comparecimento pessoal do interessado \u00e0 ag\u00eancia banc\u00e1ria ou \u00e0 Pr\u00f3-Reitoria de Gest\u00e3o de Pessoas da UFSM, portando Cadastro de Pessoa F\u00edsica (CPF) e documento oficial de identifica\u00e7\u00e3o com foto ou por meio da Prova de Vida Digital (aplicativos SouGov.br e Gov.br).<\/p>\n\n<table width=\"567\">\n<tbody>\n<tr>\n<td width=\"340\"><strong>NOME<\/strong><\/td>\n<td width=\"227\"><strong>TIPO DO V\u00cdNCULO<\/strong><\/td>\n<\/tr>\n<tr>\n<td width=\"340\">AMANDA FLORES SANTOS AHRENS<\/td>\n<td width=\"227\">Benefici\u00e1ria de Pens\u00e3o<\/td>\n<\/tr>\n<tr>\n<td width=\"340\">GLADIS ROSA DOS SANTOS<\/td>\n<td width=\"227\">Benefici\u00e1ria de Pens\u00e3o<\/td>\n<\/tr>\n<tr>\n<td width=\"340\">JOAO PAULO LENCINA<\/td>\n<td width=\"227\">Benefici\u00e1rio do Pens\u00e3o<\/td>\n<\/tr>\n<tr>\n<td width=\"340\">LENIRA PITTALUGA MATHIAS<\/td>\n<td width=\"227\">Aposentada<\/td>\n<\/tr>\n<tr>\n<td width=\"340\">MARCO ANTONIO DE ALMEIDA PENNA<\/td>\n<td width=\"227\">Aposentado<\/td>\n<\/tr>\n<tr>\n<td width=\"340\">ORECI ABADE DINIZ<\/td>\n<td width=\"227\">Aposentado<\/td>\n<\/tr>\n<tr>\n<td width=\"340\">ROOSSEWELT BOUCHET<\/td>\n<td width=\"227\">Aposentado<\/td>\n<\/tr>\n<tr>\n<td width=\"340\">VILMA MARTINI<\/td>\n<td width=\"227\">Aposentada<\/td>\n<\/tr>\n<tr>\n<td width=\"340\">ZELI CARVALHO DE ALMEIDA<\/td>\n<td width=\"227\">Aposentada<\/td>\n<\/tr>\n<tr>\n<td width=\"340\">ZULEIKA SERPA DA SILVA<\/td>\n<td width=\"227\">Aposentada<\/td>\n<\/tr>\n<\/tbody>\n<\/table>\nPara mais informa\u00e7\u00f5es, contatar o N\u00facleo de Pens\u00e3o e Aposentadoria da Pr\u00f3-Reitoria de Gest\u00e3o de Pessoas da UFSM pelo e-mail <a href=\"mailto:npa@ufsm.br\"><strong>npa@ufsm.br<\/strong><\/a> ou telefones (55) 3220-8323 e (55) 99167-6470.\n\n<u>Hor\u00e1rios de atendimento<\/u>: de segunda a sexta, das 8h \u00e0s 12h e das 13h \u00e0s 17h.\n<h4>Texto e Arte: PROGEP\/UFSM<\/h4><\/span><\/span><\/span><\/span>\n","protected":false},"excerpt":{"rendered":"<p>Aten\u00e7\u00e3o para a rela\u00e7\u00e3o dos aniversariantes do m\u00eas de janeiro de 2026, aposentados(as) e pensionistas, que ter\u00e3o o pagamento do provento e\/ou benef\u00edcio de pens\u00e3o suspenso por motivo de n\u00e3o atendimento \u00e0 convoca\u00e7\u00e3o e respectiva notifica\u00e7\u00e3o para realizar a prova de vida anual. Para evitar a suspens\u00e3o do pagamento deve ser realizada a comprova\u00e7\u00e3o de [&hellip;]<\/p>\n","protected":false},"author":4,"featured_media":29641,"comment_status":"open","ping_status":"open","sticky":false,"template":"","format":"standard","meta":{"footnotes":""},"categories":[246],"tags":[],"class_list":["post-29640","post","type-post","status-publish","format-standard","has-post-thumbnail","hentry","category-geralinformativoinicialnoticias"],"_links":{"self":[{"href":"https:\/\/cta.clst17.mxpr.email.pecoraricloud.com.br\/~assufsmcom\/wp-json\/wp\/v2\/posts\/29640","targetHints":{"allow":["GET"]}}],"collection":[{"href":"https:\/\/cta.clst17.mxpr.email.pecoraricloud.com.br\/~assufsmcom\/wp-json\/wp\/v2\/posts"}],"about":[{"href":"https:\/\/cta.clst17.mxpr.email.pecoraricloud.com.br\/~assufsmcom\/wp-json\/wp\/v2\/types\/post"}],"author":[{"embeddable":true,"href":"https:\/\/cta.clst17.mxpr.email.pecoraricloud.com.br\/~assufsmcom\/wp-json\/wp\/v2\/users\/4"}],"replies":[{"embeddable":true,"href":"https:\/\/cta.clst17.mxpr.email.pecoraricloud.com.br\/~assufsmcom\/wp-json\/wp\/v2\/comments?post=29640"}],"version-history":[{"count":0,"href":"https:\/\/cta.clst17.mxpr.email.pecoraricloud.com.br\/~assufsmcom\/wp-json\/wp\/v2\/posts\/29640\/revisions"}],"wp:featuredmedia":[{"embeddable":true,"href":"https:\/\/cta.clst17.mxpr.email.pecoraricloud.com.br\/~assufsmcom\/wp-json\/wp\/v2\/media\/29641"}],"wp:attachment":[{"href":"https:\/\/cta.clst17.mxpr.email.pecoraricloud.com.br\/~assufsmcom\/wp-json\/wp\/v2\/media?parent=29640"}],"wp:term":[{"taxonomy":"category","embeddable":true,"href":"https:\/\/cta.clst17.mxpr.email.pecoraricloud.com.br\/~assufsmcom\/wp-json\/wp\/v2\/categories?post=29640"},{"taxonomy":"post_tag","embeddable":true,"href":"https:\/\/cta.clst17.mxpr.email.pecoraricloud.com.br\/~assufsmcom\/wp-json\/wp\/v2\/tags?post=29640"}],"curies":[{"name":"wp","href":"https:\/\/api.w.org\/{rel}","templated":true}]}}