{"id":29642,"date":"2026-03-31T08:00:55","date_gmt":"2026-03-31T11:00:55","guid":{"rendered":"https:\/\/cta.clst17.mxpr.email.pecoraricloud.com.br\/~assufsmcom\/2026\/03\/31\/31-de-marco-dia-internacional-da-visibilidade-transgenero-2\/"},"modified":"2026-03-31T08:00:55","modified_gmt":"2026-03-31T11:00:55","slug":"31-de-marco-dia-internacional-da-visibilidade-transgenero-2","status":"publish","type":"post","link":"https:\/\/cta.clst17.mxpr.email.pecoraricloud.com.br\/~assufsmcom\/2026\/03\/31\/31-de-marco-dia-internacional-da-visibilidade-transgenero-2\/","title":{"rendered":"31 de mar\u00e7o &#8211; Dia Internacional da Visibilidade Transg\u00eanero"},"content":{"rendered":"\n<span dir=\"auto\" style=\"vertical-align: inherit;\"><span dir=\"auto\" style=\"vertical-align: inherit;\"><span dir=\"auto\" style=\"vertical-align: inherit;\"><span dir=\"auto\" style=\"vertical-align: inherit;\"><p data-prosemirror-content-type=\"node\" data-prosemirror-node-name=\"paragraph\" data-prosemirror-node-block=\"true\" data-pm-slice=\"1 1 []\">31 de mar\u00e7o \u00e9 o Dia Internacional da Visibilidade Trans, a data foi proposta pela ativista trans estadunidense Rachel Crandall, em 2009. Crandall \u00e9 uma psicoterapeuta e ativista transg\u00eanero americana. Desde sua cria\u00e7\u00e3o, a data se tornou um momento de luta e reflex\u00e3o sobre os direitos de pessoas transg\u00eaneras.<\/p>\n<p data-prosemirror-content-type=\"node\" data-prosemirror-node-name=\"paragraph\" data-prosemirror-node-block=\"true\" data-pm-slice=\"1 1 []\">De acordo com o Dossi\u00ea de assassinatos e viol\u00eancias contra travestis e transexuais brasileiras, publicado em janeiro deste ano pela Associa\u00e7\u00e3o Nacional de Travestis e Transexuais (Antra), em 2025 foram assassinadas 80 pessoas trans e travestis no Brasil. Al\u00e9m disso, 77 assassinatos foram contra travestis e mulheres trans\/transexuais e 70 contra pessoas negras e pardas (<a href=\"https:\/\/antrabrasil.org\/wp-content\/uploads\/2026\/01\/dossie-antra-2026.pdf\" data-prosemirror-content-type=\"mark\" data-prosemirror-mark-name=\"link\"><strong data-prosemirror-content-type=\"mark\" data-prosemirror-mark-name=\"strong\">veja mais aqui<\/strong><\/a>).<br data-prosemirror-content-type=\"node\" data-prosemirror-node-name=\"hardBreak\" data-prosemirror-node-inline=\"true\" \/>Outro dado alarmante mostra que travestis e mulheres trans s\u00e3o o alvo preferencial e recorrente de Crimes Violentos Letais Intencionais. O dossi\u00ea tamb\u00e9m mostra que a maior parte das v\u00edtimas tinha entre 13 e 29 anos, e as chances de uma pessoa trans jovem nessa faixa ser assassinada, em m\u00e9dia, chega a ser 5 vezes maior do que em outras faixas et\u00e1rias.<\/p>\n<p data-prosemirror-content-type=\"node\" data-prosemirror-node-name=\"paragraph\" data-prosemirror-node-block=\"true\" data-pm-slice=\"1 1 []\">Aspectos como estes mostram a import\u00e2ncia do debate acerca dos direitos e da visibilidade da Comunidade Trans em diferentes esferas da sociedade brasileira. Entretanto, esta n\u00e3o \u00e9 a realidade observada, mesmo com diversos avan\u00e7os nos \u00faltimos anos a popula\u00e7\u00e3o ainda enfrenta a invisibilidade em diversos setores como na esfera p\u00fablica e na m\u00eddia. Isso se d\u00e1 pelo fato de que, na maioria das vezes, o debate \u00e9 feito de forma escassa e prec\u00e1ria e n\u00e3o promove o enfrentamento efetivo da transfobia.<\/p>\n<p data-prosemirror-content-type=\"node\" data-prosemirror-node-name=\"paragraph\" data-prosemirror-node-block=\"true\" data-pm-slice=\"1 1 []\">Um exemplo desta realidade foi o caso da deputada Fabiana Bolsonaro (PL), no dia 18 de mar\u00e7o. Durante seu discurso, a deputada realizou a pr\u00e1tica de Black Face para tratar de temas transf\u00f3bicos alegando que mulheres trans n\u00e3o entendem as pautas femininas. A fala preconceituosa foi destinada \u00e0 deputada Erika Hilton (Psol) ap\u00f3s ser nomeada para a presid\u00eancia da Comiss\u00e3o de Defesa dos Direitos da Mulher na C\u00e2mara. Erika Hilton \u00e9 a primeira Deputada Federal negra e trans eleita na hist\u00f3ria do Brasil e atua ativamente na defesa de causas trans e feministas.<\/p>\n<p data-prosemirror-content-type=\"node\" data-prosemirror-node-name=\"paragraph\" data-prosemirror-node-block=\"true\" data-pm-slice=\"1 1 []\">Por conta disso, se torna imprescind\u00edvel o debate e a valoriza\u00e7\u00e3o da visibilidade trans em diversos setores, como na sa\u00fade, seguran\u00e7a e educa\u00e7\u00e3o. Estes como forma de garantir o acesso a direitos b\u00e1sicos, o respeito \u00e0 identidade de g\u00eanero e a constru\u00e7\u00e3o de pol\u00edticas p\u00fablicas que promovam inclus\u00e3o, equidade e dignidade para toda a popula\u00e7\u00e3o trans.<\/p><\/span><\/span><\/span><\/span>\n","protected":false},"excerpt":{"rendered":"<p>31 de mar\u00e7o \u00e9 o Dia Internacional da Visibilidade Trans, a data foi proposta pela ativista trans estadunidense Rachel Crandall, em 2009. Crandall \u00e9 uma psicoterapeuta e ativista transg\u00eanero americana. Desde sua cria\u00e7\u00e3o, a data se tornou um momento de luta e reflex\u00e3o sobre os direitos de pessoas transg\u00eaneras. De acordo com o Dossi\u00ea de [&hellip;]<\/p>\n","protected":false},"author":4,"featured_media":29643,"comment_status":"open","ping_status":"open","sticky":false,"template":"","format":"standard","meta":{"footnotes":""},"categories":[246],"tags":[],"class_list":["post-29642","post","type-post","status-publish","format-standard","has-post-thumbnail","hentry","category-geralinformativoinicialnoticias"],"_links":{"self":[{"href":"https:\/\/cta.clst17.mxpr.email.pecoraricloud.com.br\/~assufsmcom\/wp-json\/wp\/v2\/posts\/29642","targetHints":{"allow":["GET"]}}],"collection":[{"href":"https:\/\/cta.clst17.mxpr.email.pecoraricloud.com.br\/~assufsmcom\/wp-json\/wp\/v2\/posts"}],"about":[{"href":"https:\/\/cta.clst17.mxpr.email.pecoraricloud.com.br\/~assufsmcom\/wp-json\/wp\/v2\/types\/post"}],"author":[{"embeddable":true,"href":"https:\/\/cta.clst17.mxpr.email.pecoraricloud.com.br\/~assufsmcom\/wp-json\/wp\/v2\/users\/4"}],"replies":[{"embeddable":true,"href":"https:\/\/cta.clst17.mxpr.email.pecoraricloud.com.br\/~assufsmcom\/wp-json\/wp\/v2\/comments?post=29642"}],"version-history":[{"count":0,"href":"https:\/\/cta.clst17.mxpr.email.pecoraricloud.com.br\/~assufsmcom\/wp-json\/wp\/v2\/posts\/29642\/revisions"}],"wp:featuredmedia":[{"embeddable":true,"href":"https:\/\/cta.clst17.mxpr.email.pecoraricloud.com.br\/~assufsmcom\/wp-json\/wp\/v2\/media\/29643"}],"wp:attachment":[{"href":"https:\/\/cta.clst17.mxpr.email.pecoraricloud.com.br\/~assufsmcom\/wp-json\/wp\/v2\/media?parent=29642"}],"wp:term":[{"taxonomy":"category","embeddable":true,"href":"https:\/\/cta.clst17.mxpr.email.pecoraricloud.com.br\/~assufsmcom\/wp-json\/wp\/v2\/categories?post=29642"},{"taxonomy":"post_tag","embeddable":true,"href":"https:\/\/cta.clst17.mxpr.email.pecoraricloud.com.br\/~assufsmcom\/wp-json\/wp\/v2\/tags?post=29642"}],"curies":[{"name":"wp","href":"https:\/\/api.w.org\/{rel}","templated":true}]}}