{"id":29650,"date":"2026-03-31T15:29:23","date_gmt":"2026-03-31T18:29:23","guid":{"rendered":"https:\/\/cta.clst17.mxpr.email.pecoraricloud.com.br\/~assufsmcom\/2026\/03\/31\/37o-dia-de-greve-caravaneirosas-passam-relatos-sobre-a-i-conferencia-internacional-antifacista-e-informes-locais\/"},"modified":"2026-03-31T15:29:23","modified_gmt":"2026-03-31T18:29:23","slug":"37o-dia-de-greve-caravaneirosas-passam-relatos-sobre-a-i-conferencia-internacional-antifacista-e-informes-locais","status":"publish","type":"post","link":"https:\/\/cta.clst17.mxpr.email.pecoraricloud.com.br\/~assufsmcom\/2026\/03\/31\/37o-dia-de-greve-caravaneirosas-passam-relatos-sobre-a-i-conferencia-internacional-antifacista-e-informes-locais\/","title":{"rendered":"37\u00ba dia de greve: Caravaneiros(as) passam relatos sobre a I Confer\u00eancia Internacional Antifacista e informes locais"},"content":{"rendered":"\n<p><span dir=\"auto\" style=\"vertical-align: inherit;\"><span dir=\"auto\" style=\"vertical-align: inherit;\"><span dir=\"auto\" style=\"vertical-align: inherit;\"><span dir=\"auto\" style=\"vertical-align: inherit;\">Na manh\u00e3 dessa ter\u00e7a-feira (31), o CLG, reunido no lon\u00e3o de greve, passou informes locais e nacionais, bem como realizou uma breve an\u00e1lise de conjuntura, encaminhou a\u00e7\u00f5es de greve e repassou a agenda de lutas da semana.<\/p>\n\n\n\n<p>Na quarta, dia 1\u00ba de abril, o CLG tem importantes atividades: \u00e0s 8h, tem Caf\u00e9 com Sonho, no Hall da Reitoria, onde os grevistas far\u00e3o panfletagem; ap\u00f3s, uma visita \u00e0 PRAE ser\u00e1 relaizada. Al\u00e9m disso, uma parte do movimento paredista ir\u00e1 participar do Ato dos Municip\u00e1rios, \u00e0s 9h, na Pra\u00e7a Saldanha Marinho. J\u00e1 na parte da tarde, temos duas Assembleias importantes: Assembleia de Greve, \u00e0s 14h, no Audit\u00f3rio Wilson Aita, no CT, com pauta: referendar a aprova\u00e7\u00e3o do fundo de greve e a Assembleia de Greve, \u00e0s 15h, no Audit\u00f3rio Wilson Aita, no CT, com pauta: Informes gerais, avalia\u00e7\u00e3o de conjuntura e encaminhamento.<\/p>\n\n\n\n<p>Informes como a aprova\u00e7\u00e3o da Mo\u00e7\u00e3o de apoio a greve dos TAEs da UFSM, na reuni\u00e3o do CONSU do dia 27 de mar\u00e7o, bem como a transfer\u00eancia da aula de ritmos e fitnesse para o dia 2 de abril, no lon\u00e3o, \u00e0s 14h30min foram repassados. Al\u00e9m disso, foi enfatizado que as inscri\u00e7\u00f5es para conselheiros e conselheiras TAEs, no CONSU da UFSM, foram prorrogadas at\u00e9 o dia 3 de abril, pelo portal da UFSM.<\/p>\n\n\n\n<p>Caravaneiros e caravaneiras que estiveram presentes na I Conf\u00earencia Internacional Antifacista Pela Soberania dos Povos, realizada em Porto Alegre\/RS, nos dias 26 a 29 de mar\u00e7o, tamb\u00e9m passaram informes sobre as palestras que ocorreram na capital ga\u00facha, bem como sobre a Marcha Antifascista, que ocorreu na abertura do evento. A Assufsm levou dezenas de pessoas para esse momento hist\u00f3rico e de luta pelos trabalhadores(as). A presen\u00e7a da Assufsm na mobiliza\u00e7\u00e3o reafirma o compromisso da entidade com a defesa dos servi\u00e7os p\u00fablicos, da educa\u00e7\u00e3o p\u00fablica e dos direitos da classe trabalhadora. A participa\u00e7\u00e3o tamb\u00e9m fortaleceu a articula\u00e7\u00e3o com outras entidades sindicais, estudantis e movimentos populares, ampliando o di\u00e1logo e a constru\u00e7\u00e3o de estrat\u00e9gias conjuntas diante dos desafios pol\u00edticos atuais.<\/p>\n\n\n\n<p>O encontro, que reuniu organiza\u00e7\u00f5es de mais de 30 pa\u00edses, teve in\u00edcio em uma marcha de abertura com concentra\u00e7\u00e3o no Largo Gl\u00eanio Peres, no centro de Porto Alegre. Na marcha, TAEs da UFSM e de outras universidades ocuparam o centro da capital para refor\u00e7ar a import\u00e2ncia da organiza\u00e7\u00e3o coletiva na luta contra o fascismo.<\/p>\n\n\n\n<p>Durante seus quatro dias de dura\u00e7\u00e3o, o evento contou com cerca de 120 painelistas e 150 atividades autogestionadas que trataram de temas como democracia, soberania nacional, pol\u00edticas econ\u00f4micas, enfrentamento \u00e0 extrema direita e conflitos internacionais.\u00a0 Em Porto Alegre, representantes da Assufsm e do CLG marcaram presen\u00e7a nas principais mesas como participantes e convidados(as). Veja as not\u00edcias completas e fotos, publicadas pela Assufsm, clicando <a href=\"https:\/\/assufsm.com.br\/assufsm-participa-da-i-conferencia-internacional-antifascista-em-porto-alegre\/\"><strong>aqui<\/strong> <\/a>e <a href=\"https:\/\/assufsm.com.br\/assufsm-participa-de-1a-conferencia-internacional-antifascista-pela-soberania-dos-povos\/\"><strong>aqui<\/strong><\/a>. Por fim, a pr\u00f3xima Confer\u00eancia Internacional Antifacista deve ser na Argentina.<\/p>\n\n\n\n<p>Outro ponto importante de debate na reuni\u00e3o dessa manh\u00e3 foi em rela\u00e7\u00e3o a libera\u00e7\u00e3o da bolsa transporte para estudantes indigenas, que devem embarcar na sexta-feira (03) para Bras\u00edlia, para participarem do 22\u00ba Acampamento Terra Livre (ATL) 2026, a maior mobiliza\u00e7\u00e3o ind\u00edgena do Brasil, que ocorrer\u00e1 de 5 a 11 de abril, na capital brasileira, no Eixo Cultural Ibero-Americano. A quest\u00e3o \u00e9 que a UFSM liberou a bolsa para a loca\u00e7\u00e3o do transporte, por\u00e9m, os tr\u00e2mites legais n\u00e3o foram seguidos pela Pr\u00f3 Reitoria de Assuntos Estudantis (PRAE), a qual alegou que o movimento grevista estava impedindo a libera\u00e7\u00e3o. Por isso, representantes do CLG foram at\u00e9 o gabinete da reitoria, onde foram recebidos pelo chefe de Gabinete Flavi Lisboa, o qual solicitou, por email, urg\u00eancia \u00e0 PRAE para a tramita\u00e7\u00e3o e a\u00e7\u00f5es necess\u00e1rias para essa bolsa ser liberada e o deslocamento dos estudantes seja viabilizado.<\/p>\n\n\n\n<p>Veja fotos dessa manh\u00e3 de reuni\u00f5es, <a href=\"https:\/\/www.facebook.com\/media\/set\/?set=a.1400276928811017&amp;type=3\"><strong>clicando aqui<\/strong><\/a>.<\/p>\n\n\n\n<p>TAE, participe das atividades de greve do seu sindicato!<\/span><\/span><\/span><\/span><\/p>\n","protected":false},"excerpt":{"rendered":"<p>Na manh\u00e3 dessa ter\u00e7a-feira (31), o CLG, reunido no lon\u00e3o de greve, passou informes locais e nacionais, bem como realizou uma breve an\u00e1lise de conjuntura, encaminhou a\u00e7\u00f5es de greve e repassou a agenda de lutas da semana. Na quarta, dia 1\u00ba de abril, o CLG tem importantes atividades: \u00e0s 8h, tem Caf\u00e9 com Sonho, no [&hellip;]<\/p>\n","protected":false},"author":4,"featured_media":29651,"comment_status":"open","ping_status":"open","sticky":false,"template":"","format":"standard","meta":{"footnotes":""},"categories":[246],"tags":[],"class_list":["post-29650","post","type-post","status-publish","format-standard","has-post-thumbnail","hentry","category-geralinformativoinicialnoticias"],"_links":{"self":[{"href":"https:\/\/cta.clst17.mxpr.email.pecoraricloud.com.br\/~assufsmcom\/wp-json\/wp\/v2\/posts\/29650","targetHints":{"allow":["GET"]}}],"collection":[{"href":"https:\/\/cta.clst17.mxpr.email.pecoraricloud.com.br\/~assufsmcom\/wp-json\/wp\/v2\/posts"}],"about":[{"href":"https:\/\/cta.clst17.mxpr.email.pecoraricloud.com.br\/~assufsmcom\/wp-json\/wp\/v2\/types\/post"}],"author":[{"embeddable":true,"href":"https:\/\/cta.clst17.mxpr.email.pecoraricloud.com.br\/~assufsmcom\/wp-json\/wp\/v2\/users\/4"}],"replies":[{"embeddable":true,"href":"https:\/\/cta.clst17.mxpr.email.pecoraricloud.com.br\/~assufsmcom\/wp-json\/wp\/v2\/comments?post=29650"}],"version-history":[{"count":0,"href":"https:\/\/cta.clst17.mxpr.email.pecoraricloud.com.br\/~assufsmcom\/wp-json\/wp\/v2\/posts\/29650\/revisions"}],"wp:featuredmedia":[{"embeddable":true,"href":"https:\/\/cta.clst17.mxpr.email.pecoraricloud.com.br\/~assufsmcom\/wp-json\/wp\/v2\/media\/29651"}],"wp:attachment":[{"href":"https:\/\/cta.clst17.mxpr.email.pecoraricloud.com.br\/~assufsmcom\/wp-json\/wp\/v2\/media?parent=29650"}],"wp:term":[{"taxonomy":"category","embeddable":true,"href":"https:\/\/cta.clst17.mxpr.email.pecoraricloud.com.br\/~assufsmcom\/wp-json\/wp\/v2\/categories?post=29650"},{"taxonomy":"post_tag","embeddable":true,"href":"https:\/\/cta.clst17.mxpr.email.pecoraricloud.com.br\/~assufsmcom\/wp-json\/wp\/v2\/tags?post=29650"}],"curies":[{"name":"wp","href":"https:\/\/api.w.org\/{rel}","templated":true}]}}