{"id":29654,"date":"2026-03-31T15:20:15","date_gmt":"2026-03-31T18:20:15","guid":{"rendered":"https:\/\/cta.clst17.mxpr.email.pecoraricloud.com.br\/~assufsmcom\/2026\/03\/31\/assufsm-nao-tera-expediente-no-dia-03-de-abril-devido-ao-feriado-de-sexta-feira-santa\/"},"modified":"2026-03-31T15:20:15","modified_gmt":"2026-03-31T18:20:15","slug":"assufsm-nao-tera-expediente-no-dia-03-de-abril-devido-ao-feriado-de-sexta-feira-santa","status":"publish","type":"post","link":"https:\/\/cta.clst17.mxpr.email.pecoraricloud.com.br\/~assufsmcom\/2026\/03\/31\/assufsm-nao-tera-expediente-no-dia-03-de-abril-devido-ao-feriado-de-sexta-feira-santa\/","title":{"rendered":"Assufsm n\u00e3o ter\u00e1 expediente no dia 03 de abril, devido ao feriado de Sexta-Feira Santa"},"content":{"rendered":"\n<span dir=\"auto\" style=\"vertical-align: inherit;\"><span dir=\"auto\" style=\"vertical-align: inherit;\"><span dir=\"auto\" style=\"vertical-align: inherit;\"><span dir=\"auto\" style=\"vertical-align: inherit;\"><div class=\"\" data-block=\"true\" data-editor=\"2nmtf\" data-offset-key=\"1imsf-0-0\">\n<div class=\"_1mf _1mj\" data-offset-key=\"1imsf-0-0\"><span data-offset-key=\"1imsf-0-0\">\u26a0\ufe0fAten\u00e7\u00e3o, TAE!<\/span><\/div>\n<\/div>\n<div class=\"\" data-block=\"true\" data-editor=\"2nmtf\" data-offset-key=\"ad7t2-0-0\">\n<div class=\"_1mf _1mj\" data-offset-key=\"ad7t2-0-0\"><span data-offset-key=\"ad7t2-0-0\">\u00a0<\/span><\/div>\n<\/div>\n<div class=\"\" data-block=\"true\" data-editor=\"2nmtf\" data-offset-key=\"10msl-0-0\">\n<div class=\"_1mf _1mj\" data-offset-key=\"10msl-0-0\"><span data-offset-key=\"10msl-0-0\">  No dia 03 de abril, a Assufsm n\u00e3o ter\u00e1 expediente devido ao feriado de Sexta-Feira Santa, conforme calend\u00e1rio acad\u00eamico estabelecido pela UFSM.<\/span><\/div>\n<\/div>\n<div class=\"\" data-block=\"true\" data-editor=\"2nmtf\" data-offset-key=\"28prv-0-0\">\n<div class=\"_1mf _1mj\" data-offset-key=\"28prv-0-0\"><span data-offset-key=\"28prv-0-0\">\u00a0<\/span><\/div>\n<\/div>\n<div class=\"\" data-block=\"true\" data-editor=\"2nmtf\" data-offset-key=\"3jddg-0-0\">\n<div class=\"_1mf _1mj\" data-offset-key=\"3jddg-0-0\"><span data-offset-key=\"3jddg-0-0\">  A Assufsm retoma suas atividades normais, das 7h \u00e0s 11h30min e das 12h30min \u00e0s 16h, no dia 06 de abril, segunda-feira, com atendimentos da Secretaria na Sede Administrativa, localizada na rua Erly de Almeida Lima, n\u00b0 680, no bairro Camobi.<\/span><\/div>\n<\/div>\n<div class=\"\" data-block=\"true\" data-editor=\"2nmtf\" data-offset-key=\"ae26h-0-0\">\n<div class=\"_1mf _1mj\" data-offset-key=\"ae26h-0-0\"><span data-offset-key=\"ae26h-0-0\">\u00a0<\/span><\/div>\n<\/div>\n<div class=\"\" data-block=\"true\" data-editor=\"2nmtf\" data-offset-key=\"33bm5-0-0\">\n<div class=\"_1mf _1mj\" data-offset-key=\"33bm5-0-0\"><span data-offset-key=\"33bm5-0-0\">Agradecemos sua compreens\u00e3o, TAE.<\/span><\/div>\n<\/div><\/span><\/span><\/span><\/span>\n","protected":false},"excerpt":{"rendered":"<p>\u26a0\ufe0fAten\u00e7\u00e3o, TAE! \u00a0 No dia 03 de abril, a Assufsm n\u00e3o ter\u00e1 expediente devido ao feriado de Sexta-Feira Santa, conforme calend\u00e1rio acad\u00eamico estabelecido pela UFSM. \u00a0 A Assufsm retoma suas atividades normais, das 7h \u00e0s 11h30min e das 12h30min \u00e0s 16h, no dia 06 de abril, segunda-feira, com atendimentos da Secretaria na Sede Administrativa, localizada [&hellip;]<\/p>\n","protected":false},"author":4,"featured_media":29655,"comment_status":"open","ping_status":"open","sticky":false,"template":"","format":"standard","meta":{"footnotes":""},"categories":[249],"tags":[],"class_list":["post-29654","post","type-post","status-publish","format-standard","has-post-thumbnail","hentry","category-geralinformativoinicialinstitucionalnoticiaspublicacoes"],"_links":{"self":[{"href":"https:\/\/cta.clst17.mxpr.email.pecoraricloud.com.br\/~assufsmcom\/wp-json\/wp\/v2\/posts\/29654","targetHints":{"allow":["GET"]}}],"collection":[{"href":"https:\/\/cta.clst17.mxpr.email.pecoraricloud.com.br\/~assufsmcom\/wp-json\/wp\/v2\/posts"}],"about":[{"href":"https:\/\/cta.clst17.mxpr.email.pecoraricloud.com.br\/~assufsmcom\/wp-json\/wp\/v2\/types\/post"}],"author":[{"embeddable":true,"href":"https:\/\/cta.clst17.mxpr.email.pecoraricloud.com.br\/~assufsmcom\/wp-json\/wp\/v2\/users\/4"}],"replies":[{"embeddable":true,"href":"https:\/\/cta.clst17.mxpr.email.pecoraricloud.com.br\/~assufsmcom\/wp-json\/wp\/v2\/comments?post=29654"}],"version-history":[{"count":0,"href":"https:\/\/cta.clst17.mxpr.email.pecoraricloud.com.br\/~assufsmcom\/wp-json\/wp\/v2\/posts\/29654\/revisions"}],"wp:featuredmedia":[{"embeddable":true,"href":"https:\/\/cta.clst17.mxpr.email.pecoraricloud.com.br\/~assufsmcom\/wp-json\/wp\/v2\/media\/29655"}],"wp:attachment":[{"href":"https:\/\/cta.clst17.mxpr.email.pecoraricloud.com.br\/~assufsmcom\/wp-json\/wp\/v2\/media?parent=29654"}],"wp:term":[{"taxonomy":"category","embeddable":true,"href":"https:\/\/cta.clst17.mxpr.email.pecoraricloud.com.br\/~assufsmcom\/wp-json\/wp\/v2\/categories?post=29654"},{"taxonomy":"post_tag","embeddable":true,"href":"https:\/\/cta.clst17.mxpr.email.pecoraricloud.com.br\/~assufsmcom\/wp-json\/wp\/v2\/tags?post=29654"}],"curies":[{"name":"wp","href":"https:\/\/api.w.org\/{rel}","templated":true}]}}