{"id":29659,"date":"2026-04-01T15:11:23","date_gmt":"2026-04-01T18:11:23","guid":{"rendered":"https:\/\/cta.clst17.mxpr.email.pecoraricloud.com.br\/~assufsmcom\/2026\/04\/01\/cng-da-fasubra-participa-de-evento-na-esplanada-dos-ministerios\/"},"modified":"2026-04-01T15:11:23","modified_gmt":"2026-04-01T18:11:23","slug":"cng-da-fasubra-participa-de-evento-na-esplanada-dos-ministerios","status":"publish","type":"post","link":"https:\/\/cta.clst17.mxpr.email.pecoraricloud.com.br\/~assufsmcom\/2026\/04\/01\/cng-da-fasubra-participa-de-evento-na-esplanada-dos-ministerios\/","title":{"rendered":"CNG da FASUBRA participa de evento na Esplanada dos Minist\u00e9rios"},"content":{"rendered":"\n<span dir=\"auto\" style=\"vertical-align: inherit;\"><span dir=\"auto\" style=\"vertical-align: inherit;\"><span dir=\"auto\" style=\"vertical-align: inherit;\"><span dir=\"auto\" style=\"vertical-align: inherit;\">Na tarde desta segunda-feira (30), o Comando Nacional de Greve (CNG) da FASUBRA-Sindical esteve presente na Esplanada dos Minist\u00e9rios, em Bras\u00edlia, durante a cerim\u00f4nia de lan\u00e7amento e inaugura\u00e7\u00e3o de mais de 100 obras voltadas \u00e0 educa\u00e7\u00e3o em todo o pa\u00eds.\n\nO evento reuniu autoridades e representantes de diversas \u00e1reas, contando com a participa\u00e7\u00e3o do presidente Luiz In\u00e1cio Lula da Silva e do ministro da Educa\u00e7\u00e3o, Camilo Santana. Na ocasi\u00e3o, o governo federal tamb\u00e9m anunciou o alcance da marca de 99 mil escolas conectadas em territ\u00f3rio nacional, refor\u00e7ando a pol\u00edtica de inclus\u00e3o digital no ensino p\u00fablico.\nDurante a cerim\u00f4nia, foram sancionadas leis e decretos direcionados ao fortalecimento dos institutos e das universidades federais. Entre os destaques est\u00e1 o Projeto de Lei n\u00ba 5874\/2025, que inclui o Reconhecimento de Saberes e Compet\u00eancias (RSC), pauta considerada estrat\u00e9gica para os trabalhadores t\u00e9cnico-administrativos em educa\u00e7\u00e3o e de grande interesse para a categoria representada pela FASUBRA.\n\nA presen\u00e7a do CNG no evento integra o conjunto de a\u00e7\u00f5es da greve nacional, que busca pressionar o governo pelo cumprimento de acordos e avan\u00e7os nas negocia\u00e7\u00f5es. A entidade segue mobilizada e acompanhando de perto as medidas anunciadas pelo Executivo, especialmente aquelas que impactam diretamente a carreira e as condi\u00e7\u00f5es de trabalho da categoria.\n<h4>Texto e Foto: FASUBRA<\/h4><\/span><\/span><\/span><\/span>\n","protected":false},"excerpt":{"rendered":"<p>Na tarde desta segunda-feira (30), o Comando Nacional de Greve (CNG) da FASUBRA-Sindical esteve presente na Esplanada dos Minist\u00e9rios, em Bras\u00edlia, durante a cerim\u00f4nia de lan\u00e7amento e inaugura\u00e7\u00e3o de mais de 100 obras voltadas \u00e0 educa\u00e7\u00e3o em todo o pa\u00eds. O evento reuniu autoridades e representantes de diversas \u00e1reas, contando com a participa\u00e7\u00e3o do presidente [&hellip;]<\/p>\n","protected":false},"author":4,"featured_media":29660,"comment_status":"open","ping_status":"open","sticky":false,"template":"","format":"standard","meta":{"footnotes":""},"categories":[246],"tags":[],"class_list":["post-29659","post","type-post","status-publish","format-standard","has-post-thumbnail","hentry","category-geralinformativoinicialnoticias"],"_links":{"self":[{"href":"https:\/\/cta.clst17.mxpr.email.pecoraricloud.com.br\/~assufsmcom\/wp-json\/wp\/v2\/posts\/29659","targetHints":{"allow":["GET"]}}],"collection":[{"href":"https:\/\/cta.clst17.mxpr.email.pecoraricloud.com.br\/~assufsmcom\/wp-json\/wp\/v2\/posts"}],"about":[{"href":"https:\/\/cta.clst17.mxpr.email.pecoraricloud.com.br\/~assufsmcom\/wp-json\/wp\/v2\/types\/post"}],"author":[{"embeddable":true,"href":"https:\/\/cta.clst17.mxpr.email.pecoraricloud.com.br\/~assufsmcom\/wp-json\/wp\/v2\/users\/4"}],"replies":[{"embeddable":true,"href":"https:\/\/cta.clst17.mxpr.email.pecoraricloud.com.br\/~assufsmcom\/wp-json\/wp\/v2\/comments?post=29659"}],"version-history":[{"count":0,"href":"https:\/\/cta.clst17.mxpr.email.pecoraricloud.com.br\/~assufsmcom\/wp-json\/wp\/v2\/posts\/29659\/revisions"}],"wp:featuredmedia":[{"embeddable":true,"href":"https:\/\/cta.clst17.mxpr.email.pecoraricloud.com.br\/~assufsmcom\/wp-json\/wp\/v2\/media\/29660"}],"wp:attachment":[{"href":"https:\/\/cta.clst17.mxpr.email.pecoraricloud.com.br\/~assufsmcom\/wp-json\/wp\/v2\/media?parent=29659"}],"wp:term":[{"taxonomy":"category","embeddable":true,"href":"https:\/\/cta.clst17.mxpr.email.pecoraricloud.com.br\/~assufsmcom\/wp-json\/wp\/v2\/categories?post=29659"},{"taxonomy":"post_tag","embeddable":true,"href":"https:\/\/cta.clst17.mxpr.email.pecoraricloud.com.br\/~assufsmcom\/wp-json\/wp\/v2\/tags?post=29659"}],"curies":[{"name":"wp","href":"https:\/\/api.w.org\/{rel}","templated":true}]}}