{"id":29661,"date":"2026-04-02T07:30:58","date_gmt":"2026-04-02T10:30:58","guid":{"rendered":"https:\/\/cta.clst17.mxpr.email.pecoraricloud.com.br\/~assufsmcom\/2026\/04\/02\/02-de-abril-dia-internacional-da-conscientizacao-do-autismo\/"},"modified":"2026-04-02T07:30:58","modified_gmt":"2026-04-02T10:30:58","slug":"02-de-abril-dia-internacional-da-conscientizacao-do-autismo","status":"publish","type":"post","link":"https:\/\/cta.clst17.mxpr.email.pecoraricloud.com.br\/~assufsmcom\/2026\/04\/02\/02-de-abril-dia-internacional-da-conscientizacao-do-autismo\/","title":{"rendered":"02 de abril &#8211; Dia Internacional da Conscientiza\u00e7\u00e3o do Autismo"},"content":{"rendered":"\n<span dir=\"auto\" style=\"vertical-align: inherit;\"><span dir=\"auto\" style=\"vertical-align: inherit;\"><span dir=\"auto\" style=\"vertical-align: inherit;\"><span dir=\"auto\" style=\"vertical-align: inherit;\"><p data-renderer-start-pos=\"64\">No dia 2 de abril temos o Dia Internacional da Conscientiza\u00e7\u00e3o do Autismo. A data, estabelecida em 2007, tem como objetivo difundir informa\u00e7\u00f5es para a popula\u00e7\u00e3o sobre o o Transtorno do Espectro Autista (TEA) e gerar reflex\u00f5es para reduzir a discrimina\u00e7\u00e3o e o preconceito.<\/p>\n<p data-renderer-start-pos=\"337\">A iniciativa faz parte de uma campanha global da Organiza\u00e7\u00e3o das Na\u00e7\u00f5es Unidas (ONU) para marcar o Dia Mundial de Conscientiza\u00e7\u00e3o do Autismo. A data refor\u00e7a um compromisso global com a constru\u00e7\u00e3o de uma sociedade em que pessoas autistas tenham seus direitos\u00a0 respeitados e acesso a oportunidades.<\/p>\n<p data-renderer-start-pos=\"635\">Por isso, \u00e9 fundamental ampliar a conscientiza\u00e7\u00e3o da sociedade sobre as lutas e demandas da causa. Em Santa Maria, a Associa\u00e7\u00e3o de Familiares e Apoiadores dos Autistas (<a class=\"_ymio1r31 _ypr0glyw _zcxs1o36 _mizu194a _1ah3dkaa _ra3xnqa1 _128mdkaa _1cvmnqa1 _4davt94y _4bfu1r31 _1hms8stv _ajmmnqa1 _vchhusvi _kqswh2mm _ect4ttxp _syaz13af _1a3b1r31 _4fpr8stv _5goinqa1 _f8pj13af _9oik1r31 _1bnxglyw _jf4cnqa1 _30l313af _1nrm1r31 _c2waglyw _1iohnqa1 _9h8h12zz _10531ra0 _1ien1ra0 _n0fx1ra0 _1vhv17z1\" title=\"https:\/\/www.instagram.com\/afaasm?utm_source=ig_web_button_share_sheet&amp;igsh=ZDNlZDc0MzIxNw==\" href=\"https:\/\/www.instagram.com\/afaasm?utm_source=ig_web_button_share_sheet&amp;igsh=ZDNlZDc0MzIxNw==\" data-renderer-mark=\"true\" data-is-router-link=\"false\" data-testid=\"link-with-safety\">@\u200cafaasm<\/a>) desempenha um papel essencial ao oferecer suporte \u00e0s fam\u00edlias, promover a inclus\u00e3o, estimular o debate p\u00fablico e atuar na defesa dos direitos das pessoas com autismo.<\/p>\n<p data-renderer-start-pos=\"982\">A Assufsm soma-se nessa luta por respeito!<\/p><\/span><\/span><\/span><\/span>\n","protected":false},"excerpt":{"rendered":"<p>No dia 2 de abril temos o Dia Internacional da Conscientiza\u00e7\u00e3o do Autismo. A data, estabelecida em 2007, tem como objetivo difundir informa\u00e7\u00f5es para a popula\u00e7\u00e3o sobre o o Transtorno do Espectro Autista (TEA) e gerar reflex\u00f5es para reduzir a discrimina\u00e7\u00e3o e o preconceito. A iniciativa faz parte de uma campanha global da Organiza\u00e7\u00e3o das [&hellip;]<\/p>\n","protected":false},"author":4,"featured_media":29662,"comment_status":"open","ping_status":"open","sticky":false,"template":"","format":"standard","meta":{"footnotes":""},"categories":[246],"tags":[],"class_list":["post-29661","post","type-post","status-publish","format-standard","has-post-thumbnail","hentry","category-geralinformativoinicialnoticias"],"_links":{"self":[{"href":"https:\/\/cta.clst17.mxpr.email.pecoraricloud.com.br\/~assufsmcom\/wp-json\/wp\/v2\/posts\/29661","targetHints":{"allow":["GET"]}}],"collection":[{"href":"https:\/\/cta.clst17.mxpr.email.pecoraricloud.com.br\/~assufsmcom\/wp-json\/wp\/v2\/posts"}],"about":[{"href":"https:\/\/cta.clst17.mxpr.email.pecoraricloud.com.br\/~assufsmcom\/wp-json\/wp\/v2\/types\/post"}],"author":[{"embeddable":true,"href":"https:\/\/cta.clst17.mxpr.email.pecoraricloud.com.br\/~assufsmcom\/wp-json\/wp\/v2\/users\/4"}],"replies":[{"embeddable":true,"href":"https:\/\/cta.clst17.mxpr.email.pecoraricloud.com.br\/~assufsmcom\/wp-json\/wp\/v2\/comments?post=29661"}],"version-history":[{"count":0,"href":"https:\/\/cta.clst17.mxpr.email.pecoraricloud.com.br\/~assufsmcom\/wp-json\/wp\/v2\/posts\/29661\/revisions"}],"wp:featuredmedia":[{"embeddable":true,"href":"https:\/\/cta.clst17.mxpr.email.pecoraricloud.com.br\/~assufsmcom\/wp-json\/wp\/v2\/media\/29662"}],"wp:attachment":[{"href":"https:\/\/cta.clst17.mxpr.email.pecoraricloud.com.br\/~assufsmcom\/wp-json\/wp\/v2\/media?parent=29661"}],"wp:term":[{"taxonomy":"category","embeddable":true,"href":"https:\/\/cta.clst17.mxpr.email.pecoraricloud.com.br\/~assufsmcom\/wp-json\/wp\/v2\/categories?post=29661"},{"taxonomy":"post_tag","embeddable":true,"href":"https:\/\/cta.clst17.mxpr.email.pecoraricloud.com.br\/~assufsmcom\/wp-json\/wp\/v2\/tags?post=29661"}],"curies":[{"name":"wp","href":"https:\/\/api.w.org\/{rel}","templated":true}]}}