{"id":29663,"date":"2026-04-01T16:23:34","date_gmt":"2026-04-01T19:23:34","guid":{"rendered":""},"modified":"2026-04-01T16:23:34","modified_gmt":"2026-04-01T19:23:34","slug":"clg-da-assufsm-reune-se-com-gabinete-da-reitoria-funcionariosas-da-ebserh-e-superintendencia-do-husm-realiza-visita-ao-ce-e-participa-de-ato-em-defesa-da-educacao-publica-no-centro-de-santa-maria","status":"publish","type":"post","link":"https:\/\/cta.clst17.mxpr.email.pecoraricloud.com.br\/~assufsmcom\/2026\/04\/01\/clg-da-assufsm-reune-se-com-gabinete-da-reitoria-funcionariosas-da-ebserh-e-superintendencia-do-husm-realiza-visita-ao-ce-e-participa-de-ato-em-defesa-da-educacao-publica-no-centro-de-santa-maria\/","title":{"rendered":"CLG da Assufsm re\u00fane-se com gabinete da Reitoria, funcion\u00e1rios(as) da Ebserh e superintend\u00eancia do HUSM, realiza visita ao CE e participa de Ato em defesa da Educa\u00e7\u00e3o P\u00fablica no centro de Santa Maria nesse 1\u00ba de abril"},"content":{"rendered":"\n<p><span dir=\"auto\" style=\"vertical-align: inherit;\"><span dir=\"auto\" style=\"vertical-align: inherit;\"><span dir=\"auto\" style=\"vertical-align: inherit;\"><span dir=\"auto\" style=\"vertical-align: inherit;\">A ter\u00e7a-feira (31) de tarde e a quarta-feira (01) pela manh\u00e3 foram intensas no CLG da Assufsm. O comando foi chamado para uma reuni\u00e3o com o gabinete da Reitoria no final da tarde de ter\u00e7a, juntamente com funcion\u00e1rios(as) da Ebserh para alinhar e debater sobre as escalas de greve de ambos os regimes trabalhistas durante a greve da categoria TAE e da categoria da Ebserh. Al\u00e9m disso, na manh\u00e3 de quarta, representantes do CLG tamb\u00e9m participaram de uma reuni\u00e3o com a superintend\u00eancia do Hospital Universit\u00e1rio de Santa Maria (HUSM) com o mesmo objetivo de alinhamento de escalas do movimento paredista, onde constatou-se que os regimes do Hospital est\u00e3o respeitando os percentuais de atendimento.<\/p>\n\n\n\n<p>Al\u00e9m disso, o CLG tamb\u00e9m foi chamado para realizar uma visita ao Centro de Educa\u00e7\u00e3o (CE), para debates e tirar d\u00favidas sobre a greve nas salas de aula, com os estudantes.\u00a0O encontro ocorreu na tarde de ter\u00e7a com a entrega de panfletos aos presentes.<\/p>\n\n\n\n<p>Por fim, na manh\u00e3 dessa quarta, 1\u00ba de abril, parte do CLG foi at\u00e9 o centro da cidade para participar do ato em defesa da educa\u00e7\u00e3o, promovido pelo Sindicato dos Municip\u00e1rios, em defesa da educa\u00e7\u00e3o p\u00fablica. Os manifestantes somaram-se \u00e0 luta dos professores do munic\u00edpio que pedem mais valoriza\u00e7\u00e3o do sal\u00e1rio e da carreira e melhores condi\u00e7\u00f5es de trabalho dentro das escolas.<\/p>\n\n\n\n<p>Veja mais fotos, <a href=\"https:\/\/www.facebook.com\/media\/set\/?set=a.1401261402045903&amp;type=3\"><strong>clicando aqui<\/strong><\/a>.<\/p>\n\n\n\n<p>TAE, participe do movimento grevista da Assufsm!<\/span><\/span><\/span><\/span><\/p>\n","protected":false},"excerpt":{"rendered":"<p>A ter\u00e7a-feira (31) de tarde e a quarta-feira (01) pela manh\u00e3 foram intensas no CLG da Assufsm. O comando foi chamado para uma reuni\u00e3o com o gabinete da Reitoria no final da tarde de ter\u00e7a, juntamente com funcion\u00e1rios(as) da Ebserh para alinhar e debater sobre as escalas de greve de ambos os regimes trabalhistas durante [&hellip;]<\/p>\n","protected":false},"author":4,"featured_media":29664,"comment_status":"open","ping_status":"open","sticky":false,"template":"","format":"standard","meta":{"footnotes":""},"categories":[246],"tags":[],"class_list":["post-29663","post","type-post","status-publish","format-standard","has-post-thumbnail","hentry","category-geralinformativoinicialnoticias"],"_links":{"self":[{"href":"https:\/\/cta.clst17.mxpr.email.pecoraricloud.com.br\/~assufsmcom\/wp-json\/wp\/v2\/posts\/29663","targetHints":{"allow":["GET"]}}],"collection":[{"href":"https:\/\/cta.clst17.mxpr.email.pecoraricloud.com.br\/~assufsmcom\/wp-json\/wp\/v2\/posts"}],"about":[{"href":"https:\/\/cta.clst17.mxpr.email.pecoraricloud.com.br\/~assufsmcom\/wp-json\/wp\/v2\/types\/post"}],"author":[{"embeddable":true,"href":"https:\/\/cta.clst17.mxpr.email.pecoraricloud.com.br\/~assufsmcom\/wp-json\/wp\/v2\/users\/4"}],"replies":[{"embeddable":true,"href":"https:\/\/cta.clst17.mxpr.email.pecoraricloud.com.br\/~assufsmcom\/wp-json\/wp\/v2\/comments?post=29663"}],"version-history":[{"count":0,"href":"https:\/\/cta.clst17.mxpr.email.pecoraricloud.com.br\/~assufsmcom\/wp-json\/wp\/v2\/posts\/29663\/revisions"}],"wp:featuredmedia":[{"embeddable":true,"href":"https:\/\/cta.clst17.mxpr.email.pecoraricloud.com.br\/~assufsmcom\/wp-json\/wp\/v2\/media\/29664"}],"wp:attachment":[{"href":"https:\/\/cta.clst17.mxpr.email.pecoraricloud.com.br\/~assufsmcom\/wp-json\/wp\/v2\/media?parent=29663"}],"wp:term":[{"taxonomy":"category","embeddable":true,"href":"https:\/\/cta.clst17.mxpr.email.pecoraricloud.com.br\/~assufsmcom\/wp-json\/wp\/v2\/categories?post=29663"},{"taxonomy":"post_tag","embeddable":true,"href":"https:\/\/cta.clst17.mxpr.email.pecoraricloud.com.br\/~assufsmcom\/wp-json\/wp\/v2\/tags?post=29663"}],"curies":[{"name":"wp","href":"https:\/\/api.w.org\/{rel}","templated":true}]}}