{"id":29665,"date":"2026-04-01T16:58:44","date_gmt":"2026-04-01T19:58:44","guid":{"rendered":"https:\/\/cta.clst17.mxpr.email.pecoraricloud.com.br\/~assufsmcom\/2026\/04\/01\/clg-realiza-acao-de-greve-nesse-1o-de-abril-com-mobilizacoes-virtuais-nas-midias-da-assufsm-e-panfletagem-na-reitoria-da-ufsm\/"},"modified":"2026-04-01T16:58:44","modified_gmt":"2026-04-01T19:58:44","slug":"clg-realiza-acao-de-greve-nesse-1o-de-abril-com-mobilizacoes-virtuais-nas-midias-da-assufsm-e-panfletagem-na-reitoria-da-ufsm","status":"publish","type":"post","link":"https:\/\/cta.clst17.mxpr.email.pecoraricloud.com.br\/~assufsmcom\/2026\/04\/01\/clg-realiza-acao-de-greve-nesse-1o-de-abril-com-mobilizacoes-virtuais-nas-midias-da-assufsm-e-panfletagem-na-reitoria-da-ufsm\/","title":{"rendered":"CLG realiza a\u00e7\u00e3o de greve nesse 1\u00ba de abril, com mobiliza\u00e7\u00f5es virtuais nas m\u00eddias da Assufsm e panfletagem na Reitoria da UFSM"},"content":{"rendered":"\n<p><span dir=\"auto\" style=\"vertical-align: inherit;\"><span dir=\"auto\" style=\"vertical-align: inherit;\"><span dir=\"auto\" style=\"vertical-align: inherit;\"><span dir=\"auto\" style=\"vertical-align: inherit;\">O 1\u00ba de abril, conhecido popularmente como dia da mentira, foi marcado por uma forte mobiliza\u00e7\u00e3o sindical do Comando Local de Greve da Assufsm. Pela manh\u00e3, \u00e0s 8h, o CLG foi at\u00e9 o Hall da Reitoria para realizar uma panfletagem, bem como uma a\u00e7\u00e3o grevista chamada Caf\u00e9 com Sonho, onde mini sonhos foram distribu\u00eddos. Al\u00e9m disso,\u00a0 o CLG tamb\u00e9m passou em cada andar da reitoria dialogando com os e as TAEs presentes sobre a greve e os pontos do acordo de greve de 2024 que ainda n\u00e3o foram cumpridos.<\/p>\n\n\n\n<p>Uma forte campanha virtual tamb\u00e9m foi realizada nesse 1\u00ba de abril, onde um v\u00eddeo, gravado por representantes do CLG, desmentem o v\u00eddeo do Secret\u00e1rio de Rela\u00e7\u00f5es de Trabalho, Jos\u00e9 Lopez Feij\u00f3o, com informa\u00e7\u00f5es sobre o cumprimento do Acordo de Greve de 2024 que n\u00e3o condizem com a realidade. Quer entender o que est\u00e1 por tr\u00e1s dessas informa\u00e7\u00f5es? Confira o posicionamento dos(as) TAEs em greve na UFSM e fique por dentro, <a href=\"https:\/\/www.instagram.com\/p\/DWli-FECdLB\/\"><strong>clicando aqui<\/strong><\/a>.<\/p>\n\n\n\n<p>Outro material divulgado foi o carrossel com os pontos n\u00e3o cumpridos do acordo de greve e voc\u00ea tamb\u00e9m pode acessar, <a href=\"https:\/\/www.instagram.com\/p\/DWl-M1yDjuc\/?img_index=1\"><strong>clicando aqui<\/strong><\/a>. Em breve, ser\u00e1 divulgado um v\u00eddeo mostrando um pouco sobre a a\u00e7\u00e3o do dia 1\u00ba de abril, no Hall da Reitoria.<\/p>\n\n\n\n<p>Veja mais fotos da a\u00e7\u00e3o, <a href=\"https:\/\/www.facebook.com\/media\/set\/?set=a.1401293502042693&amp;type=3\"><strong>clicando aqui<\/strong><\/a>.<\/p>\n\n\n\n<p>TAE, participe das atividades de greve do seu sindicato!<\/span><\/span><\/span><\/span><\/p>\n","protected":false},"excerpt":{"rendered":"<p>O 1\u00ba de abril, conhecido popularmente como dia da mentira, foi marcado por uma forte mobiliza\u00e7\u00e3o sindical do Comando Local de Greve da Assufsm. Pela manh\u00e3, \u00e0s 8h, o CLG foi at\u00e9 o Hall da Reitoria para realizar uma panfletagem, bem como uma a\u00e7\u00e3o grevista chamada Caf\u00e9 com Sonho, onde mini sonhos foram distribu\u00eddos. Al\u00e9m [&hellip;]<\/p>\n","protected":false},"author":4,"featured_media":29666,"comment_status":"open","ping_status":"open","sticky":false,"template":"","format":"standard","meta":{"footnotes":""},"categories":[246],"tags":[],"class_list":["post-29665","post","type-post","status-publish","format-standard","has-post-thumbnail","hentry","category-geralinformativoinicialnoticias"],"_links":{"self":[{"href":"https:\/\/cta.clst17.mxpr.email.pecoraricloud.com.br\/~assufsmcom\/wp-json\/wp\/v2\/posts\/29665","targetHints":{"allow":["GET"]}}],"collection":[{"href":"https:\/\/cta.clst17.mxpr.email.pecoraricloud.com.br\/~assufsmcom\/wp-json\/wp\/v2\/posts"}],"about":[{"href":"https:\/\/cta.clst17.mxpr.email.pecoraricloud.com.br\/~assufsmcom\/wp-json\/wp\/v2\/types\/post"}],"author":[{"embeddable":true,"href":"https:\/\/cta.clst17.mxpr.email.pecoraricloud.com.br\/~assufsmcom\/wp-json\/wp\/v2\/users\/4"}],"replies":[{"embeddable":true,"href":"https:\/\/cta.clst17.mxpr.email.pecoraricloud.com.br\/~assufsmcom\/wp-json\/wp\/v2\/comments?post=29665"}],"version-history":[{"count":0,"href":"https:\/\/cta.clst17.mxpr.email.pecoraricloud.com.br\/~assufsmcom\/wp-json\/wp\/v2\/posts\/29665\/revisions"}],"wp:featuredmedia":[{"embeddable":true,"href":"https:\/\/cta.clst17.mxpr.email.pecoraricloud.com.br\/~assufsmcom\/wp-json\/wp\/v2\/media\/29666"}],"wp:attachment":[{"href":"https:\/\/cta.clst17.mxpr.email.pecoraricloud.com.br\/~assufsmcom\/wp-json\/wp\/v2\/media?parent=29665"}],"wp:term":[{"taxonomy":"category","embeddable":true,"href":"https:\/\/cta.clst17.mxpr.email.pecoraricloud.com.br\/~assufsmcom\/wp-json\/wp\/v2\/categories?post=29665"},{"taxonomy":"post_tag","embeddable":true,"href":"https:\/\/cta.clst17.mxpr.email.pecoraricloud.com.br\/~assufsmcom\/wp-json\/wp\/v2\/tags?post=29665"}],"curies":[{"name":"wp","href":"https:\/\/api.w.org\/{rel}","templated":true}]}}