{"id":29667,"date":"2026-04-01T20:25:46","date_gmt":"2026-04-01T23:25:46","guid":{"rendered":"https:\/\/cta.clst17.mxpr.email.pecoraricloud.com.br\/~assufsmcom\/2026\/04\/01\/assembleias-da-categoria-referendam-fundo-de-greve-e-discutem-conjuntura-da-mobilizacao\/"},"modified":"2026-04-30T16:12:11","modified_gmt":"2026-04-30T19:12:11","slug":"assembleias-da-categoria-referendam-fundo-de-greve-e-discutem-conjuntura-da-mobilizacao","status":"publish","type":"post","link":"https:\/\/cta.clst17.mxpr.email.pecoraricloud.com.br\/~assufsmcom\/2026\/04\/01\/assembleias-da-categoria-referendam-fundo-de-greve-e-discutem-conjuntura-da-mobilizacao\/","title":{"rendered":"Em duas Assembleias, categoria referenda fundo de greve e debate cen\u00e1rio da mobiliza\u00e7\u00e3o"},"content":{"rendered":"\n<span dir=\"auto\" style=\"vertical-align: inherit;\"><span dir=\"auto\" style=\"vertical-align: inherit;\"><span dir=\"auto\" style=\"vertical-align: inherit;\"><span dir=\"auto\" style=\"vertical-align: inherit;\"><div class=\"flex flex-col text-sm pb-25\"><section class=\"text-token-text-primary w-full focus:outline-none [--shadow-height:45px] has-data-writing-block:pointer-events-none has-data-writing-block:-mt-(--shadow-height) has-data-writing-block:pt-(--shadow-height) [&amp;:has([data-writing-block])&gt;*]:pointer-events-auto scroll-mt-[calc(var(--header-height)+min(200px,max(70px,20svh)))]\" dir=\"auto\" data-turn-id=\"request-WEB:222e3e3f-6342-4563-978d-ebec3906f4b2-0\" data-testid=\"conversation-turn-2\" data-scroll-anchor=\"true\" data-turn=\"assistant\">\n<div class=\"text-base my-auto mx-auto pb-10 [--thread-content-margin:var(--thread-content-margin-xs,calc(var(--spacing)*4))] @w-sm\/main:[--thread-content-margin:var(--thread-content-margin-sm,calc(var(--spacing)*6))] @w-lg\/main:[--thread-content-margin:var(--thread-content-margin-lg,calc(var(--spacing)*16))] px-(--thread-content-margin)\">\n<div class=\"[--thread-content-max-width:40rem] @w-lg\/main:[--thread-content-max-width:48rem] mx-auto max-w-(--thread-content-max-width) flex-1 group\/turn-messages focus-visible:outline-hidden relative flex w-full min-w-0 flex-col agent-turn\">\n<div class=\"flex max-w-full flex-col gap-4 grow\">\n<div class=\"min-h-8 text-message relative flex w-full flex-col items-end gap-2 text-start break-words whitespace-normal outline-none keyboard-focused:focus-ring [.text-message+&amp;]:mt-1\" dir=\"auto\" tabindex=\"0\" data-message-author-role=\"assistant\" data-message-id=\"17d4bef5-915c-44e5-b5e3-b531ddf33e42\" data-message-model-slug=\"gpt-5-3\" data-turn-start-message=\"true\">\n<div class=\"flex w-full flex-col gap-1 empty:hidden\">\n<div class=\"markdown prose dark:prose-invert w-full wrap-break-word light markdown-new-styling\">\n<p data-start=\"0\" data-end=\"358\">Na tarde desta quarta-feira (01), a Assufsm realizou duas Assembleias no audit\u00f3rio Wilson Aita, no Centro de Tecnologia. A primeira teve in\u00edcio \u00e0s 14h, com pauta \u00fanica destinada \u00e0 delibera\u00e7\u00e3o sobre o referendo do fundo de greve. Na sequ\u00eancia, ocorreu a segunda Assembleia, que contou com informes gerais, an\u00e1lise de conjuntura e encaminhamentos.<\/p>\n<p data-start=\"360\" data-end=\"653\" data-is-last-node=\"\" data-is-only-node=\"\">A mesa foi composta pela coordenadora-geral Gabriela Malaquias, pelo coordenador de Secretaria Joel Ramos e pela coordenadora Jur\u00eddica e de Rela\u00e7\u00f5es de Trabalho Gl\u00e1ucia Tassinari. Ambas as Assembleias foram transmitidas aos(\u00e0s) T\u00e9cnico-Administrativos(as) em Educa\u00e7\u00e3o dos demais campi da UFSM.<\/p>\n\n<\/div>\n<\/div>\n<\/div>\n<\/div>\n<\/div>\n<\/div>\n<\/section><\/div>\n<span style=\"font-weight: 400;\">Em um primeiro momento, a categoria se debru\u00e7ou sobre a discuss\u00e3o da aprova\u00e7\u00e3o do fundo de greve, conforme deliberado em 19 de fevereiro, para filiados(as) e n\u00e3o filiados(as), seguindo um rito legal. O fundo de greve corresponde a uma mensalidade extra de 1% (totalizando 2% para filiados(as)) sobre a remunera\u00e7\u00e3o b\u00e1sica, a ser aplicada durante o per\u00edodo de greve. Para os n\u00e3o filiados, o desconto \u00e9 de 1% da remunera\u00e7\u00e3o b\u00e1sica, mas h\u00e1 diverg\u00eancia entre a decis\u00e3o do STF, que permite o desconto com direito \u00e0 oposi\u00e7\u00e3o, e uma portaria normativa do Minist\u00e9rio da Gest\u00e3o e Inova\u00e7\u00e3o (MGI), que exige autoriza\u00e7\u00e3o expl\u00edcita para o desconto.<\/span>\n\n<span style=\"font-weight: 400;\">A Portaria do MGI, com vig\u00eancia a partir de 14 de abril, pro\u00edbe o desconto em folha de pagamento de n\u00e3o filiados(as) sem autoriza\u00e7\u00e3o pr\u00e9via e expressa. Para que o desconto de n\u00e3o filiados(as) ocorra, eles devem fornecer autoriza\u00e7\u00e3o pr\u00e9via e expressa. Nesse sentido, h<\/span><span style=\"font-weight: 400;\">ouve um alerta da coordena\u00e7\u00e3o da ASSUFSM, baseado em parecer jur\u00eddico realizado pelo escrit\u00f3rio Wagner Advogados Associados, sobre a dificuldade de obter autoriza\u00e7\u00e3o para o desconto de n\u00e3o filiados(as), sugerindo que n\u00e3o se desse continuidade a essa cobran\u00e7a devido \u00e0 sobrecarga operacional e \u00e0s poss\u00edveis penalidades impostas pelo MGI. Na discuss\u00e3o da pauta, a grande maioria dos(as) presentes argumentou que todos(as) deveriam contribuir, pois os benef\u00edcios da luta sindical s\u00e3o coletivos.<\/span>\n\n<span style=\"font-weight: 400;\">Em regime de vota\u00e7\u00e3o, a aprova\u00e7\u00e3o do fundo de greve para filiados(as), com o desconto de 2%, foi referendada pela maioria presente na Assembleia. Ficou decidido que o(a) filiado(a) que n\u00e3o desejar o desconto dever\u00e1 preencher o formul\u00e1rio e entreg\u00e1-lo em m\u00e3os na Secretaria da ASSUFSM at\u00e9 o dia 6 do m\u00eas. A decis\u00e3o de entrega presencial foi aprovada em vota\u00e7\u00e3o, prevalecendo sobre a sugest\u00e3o de envio por e-mail.\n<\/span>\n\n<span style=\"font-weight: 400;\">A aprova\u00e7\u00e3o do fundo de greve para n\u00e3o filiados(as) tamb\u00e9m foi referendada pela Assembleia. No entanto, a contribui\u00e7\u00e3o do n\u00e3o filiado(a) para o fundo de greve se dar\u00e1 somente ap\u00f3s autoriza\u00e7\u00e3o expressa.<\/span>\n\n<span style=\"font-weight: 400;\">A categoria tamb\u00e9m foi informada de um erro no desconto da mensalidade deste m\u00eas, onde 2% da remunera\u00e7\u00e3o total foi descontado, em vez dos 2% da remunera\u00e7\u00e3o b\u00e1sica. A coordena\u00e7\u00e3o da Assufsm pediu desculpas pelo erro, que ocorreu devido \u00e0 programa\u00e7\u00e3o do novo sistema que est\u00e1 sendo implementado. <\/span><span style=\"font-weight: 400;\">Foram ent\u00e3o apresentadas duas formas de devolu\u00e7\u00e3o dos valores cobrados em excesso: compensa\u00e7\u00e3o autom\u00e1tica, que consiste no desconto do valor na mensalidade seguinte, sem necessidade de manifesta\u00e7\u00e3o; ou estorno via Pix, que exige a solicita\u00e7\u00e3o por e-mail, informando a chave Pix ou dados banc\u00e1rios, at\u00e9 o 6 de abril. Aqueles(as) que optarem pelo Pix ter\u00e3o o desconto normal de 2% da mensalidade no m\u00eas seguinte.\n<\/span>\n\nEm seguida, a segunda Assembleia da tarde iniciou com informes da categoria. Confira os principais informes:\n<ul>\n \t<li style=\"font-weight: 400;\" aria-level=\"1\"><b>Mobiliza\u00e7\u00e3o e Solidariedade Sindical<\/b><span style=\"font-weight: 400;\">: O Comando Local de Greve informou sobre o apoio \u00e0 mobiliza\u00e7\u00e3o dos(as) servidores(as) e professores(as) municipais, que realizaram uma paralisa\u00e7\u00e3o nesta quarta-feira (01), contra o governo municipal por falta de reajustes e reposi\u00e7\u00e3o da infla\u00e7\u00e3o.\u00a0<\/span><\/li>\n \t<li style=\"font-weight: 400;\" aria-level=\"1\"><b>Press\u00e3o por Bolsas Estudantis em Contexto de Greve<\/b><span style=\"font-weight: 400;\">: Foi relatado que a Pr\u00f3-Reitoria de Assuntos Estudantis (PRAE) inicialmente informou aos estudantes ind\u00edgenas que a solicita\u00e7\u00e3o de bolsas para participa\u00e7\u00e3o em um acampamento poderia n\u00e3o ser atendida a tempo devido \u00e0 greve. Ap\u00f3s a press\u00e3o da categoria, a demanda foi resolvida, mas houve um alerta para outras acusa\u00e7\u00f5es da PRAE que estariam colocando os estudantes contra o movimento grevista, como a demora na an\u00e1lise de benef\u00edcios socioecon\u00f4micos.<\/span><\/li>\n \t<li style=\"font-weight: 400;\" aria-level=\"1\"><b>Ass\u00e9dio e Press\u00e3o da Chefia<\/b><span style=\"font-weight: 400;\">: A categoria foi alertada sobre a necessidade de procurar o Comando Local de Greve caso sofra qualquer ass\u00e9dio ou press\u00e3o por parte da chefia.<\/span><\/li>\n \t<li style=\"font-weight: 400;\" aria-level=\"1\"><b>Greve na EBSERH\/UFSM<\/b><span style=\"font-weight: 400;\">: Os(as) trabalhadores(as) da EBSERH entraram em greve, buscando reivindica\u00e7\u00f5es que inclu\u00edam 25% de aumento, mas a empresa ofereceu apenas 1,4% (a infla\u00e7\u00e3o do per\u00edodo).\u00a0<\/span><\/li>\n \t<li style=\"font-weight: 400;\" aria-level=\"1\"><b>Esclarecimentos sobre Escalas de Greve na EBSERH\/UFSM<\/b><span style=\"font-weight: 400;\">: Foi realizada uma reuni\u00e3o com a Reitoria para discutir as escalas de trabalho durante a greve, onde ficou definido que o C.O. (Centro Obst\u00e9trico), P.A. (Pronto Atendimento) e U.T.I. (Unidade de Terapia Intensiva) deveriam manter 70% da equipe (RJ\/EBSERH), enquanto as unidades de interna\u00e7\u00e3o deveriam manter 30%. A empresa tentou tutelar a greve, indicando quantos profissionais poderiam parar, mas foi esclarecido que o Comando Local de greve \u00e9 quem define as a\u00e7\u00f5es. No entanto, a base da EBSERH rejeitou a proposta da empresa e se mant\u00e9m em greve, exigindo que o pessoal do hospital ajude a construir as escalas necess\u00e1rias.<\/span><\/li>\n \t<li style=\"font-weight: 400;\" aria-level=\"1\"><b>Situa\u00e7\u00e3o do PL 5874 e Carreira<\/b><span style=\"font-weight: 400;\">: Nesta semana,\u00a0 o PL 5874 foi sancionado, mas at\u00e9 o momento n\u00e3o existe nenhuma regulamenta\u00e7\u00e3o do Reconhecimento de Saberes e Compet\u00eancias (RSC). A regulamenta\u00e7\u00e3o do RSC deveria ter ocorrido em 180 dias ap\u00f3s a assinatura do Termo de Acordo de Greve em 2024, assim como a racionaliza\u00e7\u00e3o dos cargos.<\/span><\/li>\n \t<li style=\"font-weight: 400;\" aria-level=\"1\"><b>Participa\u00e7\u00e3o em Confer\u00eancia Internacional Antifascista<\/b><span style=\"font-weight: 400;\">: Uma delega\u00e7\u00e3o da ASSUFSM participou da I Confer\u00eancia Internacional Antifascista em Porto Alegre, que foi uma atividade de forma\u00e7\u00e3o pol\u00edtica com participantes de 30 pa\u00edses. O evento proporcionou um panorama sobre o avan\u00e7o da extrema direita e neofascismo globalmente, destacando a import\u00e2ncia da resist\u00eancia em diversos locais.<\/span><\/li>\n \t<li style=\"font-weight: 400;\" aria-level=\"1\"><b>Convite para Atividade de Dan\u00e7a Fitness<\/b><span style=\"font-weight: 400;\">: O coordenador de Esporte Cultura e Lazer Paulo Quadrado fez um convite a todos(as) para participar de exerc\u00edcios de dan\u00e7a fitness e zumba no Lon\u00e3o de Greve a ser realizado na quinta-feira (02), \u00e0s 14 horas, como forma de desestresse. A atividade foi transferida da Sede Campestre para o Lon\u00e3o a pedido dos grevistas.<\/span><\/li>\n \t<li style=\"font-weight: 400;\" aria-level=\"1\"><b>Nova Parceria com Terapeuta Integrativa<\/b><span style=\"font-weight: 400;\">: A coordenadora Gabriela Malaquias anunciou que a ASSUFSM firmou uma parceria com a terapeuta integrativa Lauren Dutra, oferecendo 10% de desconto em diversas terapias para filiados(as) e seus dependentes. As terapias incluem massagem terap\u00eautica, reiki e terapia dos p\u00e9s.<\/span><\/li>\n<\/ul>\n<strong>ENCAMINHAMENTOS<\/strong>:\n<div class=\"flex flex-col text-sm pb-25\"><section class=\"text-token-text-primary w-full focus:outline-none [--shadow-height:45px] has-data-writing-block:pointer-events-none has-data-writing-block:-mt-(--shadow-height) has-data-writing-block:pt-(--shadow-height) [&amp;:has([data-writing-block])&gt;*]:pointer-events-auto scroll-mt-(--header-height)\" dir=\"auto\" data-turn-id=\"3d4fbb75-b858-448a-898a-7cb37c96adf0\" data-testid=\"conversation-turn-3\" data-scroll-anchor=\"false\" data-turn=\"user\"><\/section><section class=\"text-token-text-primary w-full focus:outline-none [--shadow-height:45px] has-data-writing-block:pointer-events-none has-data-writing-block:-mt-(--shadow-height) has-data-writing-block:pt-(--shadow-height) [&amp;:has([data-writing-block])&gt;*]:pointer-events-auto scroll-mt-[calc(var(--header-height)+min(200px,max(70px,20svh)))]\" dir=\"auto\" data-turn-id=\"request-WEB:222e3e3f-6342-4563-978d-ebec3906f4b2-1\" data-testid=\"conversation-turn-4\" data-scroll-anchor=\"true\" data-turn=\"assistant\">\n<div class=\"text-base my-auto mx-auto pb-10 [--thread-content-margin:var(--thread-content-margin-xs,calc(var(--spacing)*4))] @w-sm\/main:[--thread-content-margin:var(--thread-content-margin-sm,calc(var(--spacing)*6))] @w-lg\/main:[--thread-content-margin:var(--thread-content-margin-lg,calc(var(--spacing)*16))] px-(--thread-content-margin)\">\n<div class=\"[--thread-content-max-width:40rem] @w-lg\/main:[--thread-content-max-width:48rem] mx-auto max-w-(--thread-content-max-width) flex-1 group\/turn-messages focus-visible:outline-hidden relative flex w-full min-w-0 flex-col agent-turn\">\n<div class=\"flex max-w-full flex-col gap-4 grow\">\n<div class=\"min-h-8 text-message relative flex w-full flex-col items-end gap-2 text-start break-words whitespace-normal outline-none keyboard-focused:focus-ring [.text-message+&amp;]:mt-1\" dir=\"auto\" tabindex=\"0\" data-message-author-role=\"assistant\" data-message-id=\"40569248-15da-4f67-9635-1dafe3b8a208\" data-message-model-slug=\"gpt-5-3\" data-turn-start-message=\"true\">\n<div class=\"flex w-full flex-col gap-1 empty:hidden\">\n<div class=\"markdown prose dark:prose-invert w-full wrap-break-word light markdown-new-styling\">\n<p data-start=\"0\" data-end=\"360\">Dados os informes, o espa\u00e7o foi aberto para a an\u00e1lise de conjuntura entre os(as) presentes. Como encaminhamento, foi sugerido que o Comando Local de Greve inicie estudos sobre a regulamenta\u00e7\u00e3o do Reconhecimento de Saberes e Compet\u00eancias (RSC), com o objetivo de elaborar uma cartilha de orienta\u00e7\u00e3o acerca dos documentos necess\u00e1rios, como o memorial descritivo.<\/p>\n<p data-start=\"362\" data-end=\"617\" data-is-last-node=\"\" data-is-only-node=\"\">Al\u00e9m disso, a Assembleia aprovou regras que estabelecem que o(a) filiado(a) que confirmar participa\u00e7\u00e3o em evento ou viagem e, posteriormente, n\u00e3o comparecer sem justificativa, ficar\u00e1 impedido(a) de participar dos tr\u00eas eventos subsequentes, devendo tamb\u00e9m ressarcir os custos decorrentes da aus\u00eancia.<\/p>\n\n<\/div>\n<\/div>\n<\/div>\n<\/div>\n<\/div>\n<\/div>\n<\/section><\/div>\nAo final da Assembleia, houve um sorteio de uma cesta de P\u00e1scoa. A ganhadora foi a TAE aposentada Maria Odete Mendes.\n\n<a href=\"https:\/\/www.facebook.com\/assufsm\/photos\"><strong>Confira todas as fotos das Assembleias clicando aqui.<\/strong><\/a>\n\n&nbsp;\n\n<img fetchpriority=\"high\" decoding=\"async\" class=\"aligncenter size-full wp-image-34356\" src=\"https:\/\/cta.clst17.mxpr.email.pecoraricloud.com.br\/~assufsmcom\/wp-content\/uploads\/2026\/04\/assembleia-1.jpg\" alt=\"\" width=\"2048\" height=\"1365\" \/> <img decoding=\"async\" class=\"aligncenter size-full wp-image-34357\" src=\"https:\/\/cta.clst17.mxpr.email.pecoraricloud.com.br\/~assufsmcom\/wp-content\/uploads\/2026\/04\/assembleia-2.jpg\" alt=\"\" width=\"2048\" height=\"1365\" \/> <img decoding=\"async\" class=\"aligncenter size-full wp-image-34358\" src=\"https:\/\/cta.clst17.mxpr.email.pecoraricloud.com.br\/~assufsmcom\/wp-content\/uploads\/2026\/04\/assembleia-3.jpg\" alt=\"\" width=\"2048\" height=\"1365\" \/> <img loading=\"lazy\" decoding=\"async\" class=\"aligncenter size-full wp-image-34359\" src=\"https:\/\/cta.clst17.mxpr.email.pecoraricloud.com.br\/~assufsmcom\/wp-content\/uploads\/2026\/04\/assembleia-4.1.jpg\" alt=\"\" width=\"2048\" height=\"1365\" \/> <img loading=\"lazy\" decoding=\"async\" class=\"aligncenter size-full wp-image-34360\" src=\"https:\/\/cta.clst17.mxpr.email.pecoraricloud.com.br\/~assufsmcom\/wp-content\/uploads\/2026\/04\/assembleia-4.jpg\" alt=\"\" width=\"2048\" height=\"1365\" \/> <img loading=\"lazy\" decoding=\"async\" class=\"aligncenter size-full wp-image-34361\" src=\"https:\/\/cta.clst17.mxpr.email.pecoraricloud.com.br\/~assufsmcom\/wp-content\/uploads\/2026\/04\/assembleia-5.jpg\" alt=\"\" width=\"2048\" height=\"1365\" \/><\/span><\/span><\/span><\/span>\n","protected":false},"excerpt":{"rendered":"<p>Na tarde desta quarta-feira (01), a Assufsm realizou duas Assembleias no audit\u00f3rio Wilson Aita, no Centro de Tecnologia. A primeira teve in\u00edcio \u00e0s 14h, com pauta \u00fanica destinada \u00e0 delibera\u00e7\u00e3o sobre o referendo do fundo de greve. Na sequ\u00eancia, ocorreu a segunda Assembleia, que contou com informes gerais, an\u00e1lise de conjuntura e encaminhamentos. A mesa [&hellip;]<\/p>\n","protected":false},"author":4,"featured_media":29668,"comment_status":"open","ping_status":"open","sticky":false,"template":"","format":"standard","meta":{"footnotes":""},"categories":[250],"tags":[],"class_list":["post-29667","post","type-post","status-publish","format-standard","has-post-thumbnail","hentry","category-geralinformativoinicialinstitucionalnoticiaspublicacoessede-campestre"],"_links":{"self":[{"href":"https:\/\/cta.clst17.mxpr.email.pecoraricloud.com.br\/~assufsmcom\/wp-json\/wp\/v2\/posts\/29667","targetHints":{"allow":["GET"]}}],"collection":[{"href":"https:\/\/cta.clst17.mxpr.email.pecoraricloud.com.br\/~assufsmcom\/wp-json\/wp\/v2\/posts"}],"about":[{"href":"https:\/\/cta.clst17.mxpr.email.pecoraricloud.com.br\/~assufsmcom\/wp-json\/wp\/v2\/types\/post"}],"author":[{"embeddable":true,"href":"https:\/\/cta.clst17.mxpr.email.pecoraricloud.com.br\/~assufsmcom\/wp-json\/wp\/v2\/users\/4"}],"replies":[{"embeddable":true,"href":"https:\/\/cta.clst17.mxpr.email.pecoraricloud.com.br\/~assufsmcom\/wp-json\/wp\/v2\/comments?post=29667"}],"version-history":[{"count":1,"href":"https:\/\/cta.clst17.mxpr.email.pecoraricloud.com.br\/~assufsmcom\/wp-json\/wp\/v2\/posts\/29667\/revisions"}],"predecessor-version":[{"id":29674,"href":"https:\/\/cta.clst17.mxpr.email.pecoraricloud.com.br\/~assufsmcom\/wp-json\/wp\/v2\/posts\/29667\/revisions\/29674"}],"wp:featuredmedia":[{"embeddable":true,"href":"https:\/\/cta.clst17.mxpr.email.pecoraricloud.com.br\/~assufsmcom\/wp-json\/wp\/v2\/media\/29668"}],"wp:attachment":[{"href":"https:\/\/cta.clst17.mxpr.email.pecoraricloud.com.br\/~assufsmcom\/wp-json\/wp\/v2\/media?parent=29667"}],"wp:term":[{"taxonomy":"category","embeddable":true,"href":"https:\/\/cta.clst17.mxpr.email.pecoraricloud.com.br\/~assufsmcom\/wp-json\/wp\/v2\/categories?post=29667"},{"taxonomy":"post_tag","embeddable":true,"href":"https:\/\/cta.clst17.mxpr.email.pecoraricloud.com.br\/~assufsmcom\/wp-json\/wp\/v2\/tags?post=29667"}],"curies":[{"name":"wp","href":"https:\/\/api.w.org\/{rel}","templated":true}]}}