{"id":29679,"date":"2026-04-02T13:14:42","date_gmt":"2026-04-02T16:14:42","guid":{"rendered":"https:\/\/cta.clst17.mxpr.email.pecoraricloud.com.br\/~assufsmcom\/2026\/04\/02\/filiadosas-que-se-opoe-ao-desconto-do-fundo-de-greve-devem-preencher-formulario-e-entrega-lo-presencialmente-na-secretaria-da-assufsm\/"},"modified":"2026-04-02T13:14:42","modified_gmt":"2026-04-02T16:14:42","slug":"filiadosas-que-se-opoe-ao-desconto-do-fundo-de-greve-devem-preencher-formulario-e-entrega-lo-presencialmente-na-secretaria-da-assufsm","status":"publish","type":"post","link":"https:\/\/cta.clst17.mxpr.email.pecoraricloud.com.br\/~assufsmcom\/2026\/04\/02\/filiadosas-que-se-opoe-ao-desconto-do-fundo-de-greve-devem-preencher-formulario-e-entrega-lo-presencialmente-na-secretaria-da-assufsm\/","title":{"rendered":"Filiados(as) que se op\u00f5e ao desconto do fundo de greve devem preencher formul\u00e1rio e entreg\u00e1-lo presencialmente na Secretaria da Assufsm"},"content":{"rendered":"\n<p><span dir=\"auto\" style=\"vertical-align: inherit;\"><span dir=\"auto\" style=\"vertical-align: inherit;\"><span dir=\"auto\" style=\"vertical-align: inherit;\"><span dir=\"auto\" style=\"vertical-align: inherit;\">Ap\u00f3s <strong><a href=\"https:\/\/assufsm.com.br\/assembleias-da-categoria-referendam-fundo-de-greve-e-discutem-conjuntura-da-mobilizacao\/\">Assembleia realizada na tarde de quinta-feira (01)<\/a><\/strong>, a Coordena\u00e7\u00e3o da ASSUFSM informa que os(as) filiados(as) &#8211; ativos(as), aposentados(as) e pensionistas &#8211; que se op\u00f5em ao desconto de 2% para o fundo de greve, definido em Assembleia no dia 19 de fevereiro e referendado na Assembleia do dia 1\u00b0 de abril, devem preencher um formul\u00e1rio para suspender os descontos de 2% sobre o vencimento b\u00e1sico.<\/p>\n\n\n\n<p><strong>O formul\u00e1rio deve ser entregue presencialmente, at\u00e9 o dia 06 de abril, na Secretaria da Sede Administrativa da Assufsm,<\/strong> localizada na rua Erly de Almeida Lima, n\u00b0 680, no bairro Camobi.<\/p>\n\n\n\n<p><a href=\"https:\/\/drive.google.com\/file\/d\/14ffmrq6A_bMuZlQ08RaZXSvWhL4zK5fC\/view?usp=sharing\"><strong>Acesse o formul\u00e1rio clicando aqui.<\/strong><\/a><\/p>\n\n\n\n<p>IMPORTANTE: A aprova\u00e7\u00e3o do fundo de greve para n\u00e3o filiados(as) tamb\u00e9m foi referendada pela Assembleia do dia 1\u00b0 de abril. No entanto, a contribui\u00e7\u00e3o do n\u00e3o filiado(a) para o fundo de greve se dar\u00e1 somente ap\u00f3s autoriza\u00e7\u00e3o expressa.<\/span><\/span><\/span><\/span><\/p>\n","protected":false},"excerpt":{"rendered":"<p>Ap\u00f3s Assembleia realizada na tarde de quinta-feira (01), a Coordena\u00e7\u00e3o da ASSUFSM informa que os(as) filiados(as) &#8211; ativos(as), aposentados(as) e pensionistas &#8211; que se op\u00f5em ao desconto de 2% para o fundo de greve, definido em Assembleia no dia 19 de fevereiro e referendado na Assembleia do dia 1\u00b0 de abril, devem preencher um formul\u00e1rio [&hellip;]<\/p>\n","protected":false},"author":4,"featured_media":29680,"comment_status":"open","ping_status":"open","sticky":false,"template":"","format":"standard","meta":{"footnotes":""},"categories":[251],"tags":[],"class_list":["post-29679","post","type-post","status-publish","format-standard","has-post-thumbnail","hentry","category-geralinicialinstitucionalnoticiaspublicacoes"],"_links":{"self":[{"href":"https:\/\/cta.clst17.mxpr.email.pecoraricloud.com.br\/~assufsmcom\/wp-json\/wp\/v2\/posts\/29679","targetHints":{"allow":["GET"]}}],"collection":[{"href":"https:\/\/cta.clst17.mxpr.email.pecoraricloud.com.br\/~assufsmcom\/wp-json\/wp\/v2\/posts"}],"about":[{"href":"https:\/\/cta.clst17.mxpr.email.pecoraricloud.com.br\/~assufsmcom\/wp-json\/wp\/v2\/types\/post"}],"author":[{"embeddable":true,"href":"https:\/\/cta.clst17.mxpr.email.pecoraricloud.com.br\/~assufsmcom\/wp-json\/wp\/v2\/users\/4"}],"replies":[{"embeddable":true,"href":"https:\/\/cta.clst17.mxpr.email.pecoraricloud.com.br\/~assufsmcom\/wp-json\/wp\/v2\/comments?post=29679"}],"version-history":[{"count":0,"href":"https:\/\/cta.clst17.mxpr.email.pecoraricloud.com.br\/~assufsmcom\/wp-json\/wp\/v2\/posts\/29679\/revisions"}],"wp:featuredmedia":[{"embeddable":true,"href":"https:\/\/cta.clst17.mxpr.email.pecoraricloud.com.br\/~assufsmcom\/wp-json\/wp\/v2\/media\/29680"}],"wp:attachment":[{"href":"https:\/\/cta.clst17.mxpr.email.pecoraricloud.com.br\/~assufsmcom\/wp-json\/wp\/v2\/media?parent=29679"}],"wp:term":[{"taxonomy":"category","embeddable":true,"href":"https:\/\/cta.clst17.mxpr.email.pecoraricloud.com.br\/~assufsmcom\/wp-json\/wp\/v2\/categories?post=29679"},{"taxonomy":"post_tag","embeddable":true,"href":"https:\/\/cta.clst17.mxpr.email.pecoraricloud.com.br\/~assufsmcom\/wp-json\/wp\/v2\/tags?post=29679"}],"curies":[{"name":"wp","href":"https:\/\/api.w.org\/{rel}","templated":true}]}}