{"id":29683,"date":"2026-04-02T15:11:01","date_gmt":"2026-04-02T18:11:01","guid":{"rendered":"https:\/\/cta.clst17.mxpr.email.pecoraricloud.com.br\/~assufsmcom\/2026\/04\/02\/39o-dia-de-greve-clg-repassa-informes-e-define-calendario-de-lutas-da-semana-de-6-a-10-de-abril\/"},"modified":"2026-04-02T15:11:01","modified_gmt":"2026-04-02T18:11:01","slug":"39o-dia-de-greve-clg-repassa-informes-e-define-calendario-de-lutas-da-semana-de-6-a-10-de-abril","status":"publish","type":"post","link":"https:\/\/cta.clst17.mxpr.email.pecoraricloud.com.br\/~assufsmcom\/2026\/04\/02\/39o-dia-de-greve-clg-repassa-informes-e-define-calendario-de-lutas-da-semana-de-6-a-10-de-abril\/","title":{"rendered":"39\u00ba dia de greve: CLG repassa informes e define calend\u00e1rio de lutas da semana de 6 a 10 de abril"},"content":{"rendered":"\n<p><span dir=\"auto\" style=\"vertical-align: inherit;\"><span dir=\"auto\" style=\"vertical-align: inherit;\"><span dir=\"auto\" style=\"vertical-align: inherit;\"><span dir=\"auto\" style=\"vertical-align: inherit;\">A manh\u00e3 de quinta-feira (02) marcou o fechamento da semana de lutas do COmando Local de Greve da Assufsm. Informes foram repassados para a categoria, bem como a agenda de greve da semana de 6 a 10 de abril foi definida.<\/p>\n\n\n\n<p>A reuni\u00e3o come\u00e7ou com o informes da reuni\u00e3o entre o CLG, HUSM e Sindiserf, ocorrida na manh\u00e3 de quarta (01), onde o debate foi em rela\u00e7\u00e3o ao alinhamento das escalas dos e das profissionais de sa\u00fade grevistas. Todos os percentuais necess\u00e1rios ao atendimento priorit\u00e1rio est\u00e3o sendo respeitados pelo movimento paredista.<\/p>\n\n\n\n<p>Al\u00e9m disso, ficou definido pelo CLG o pagamento do aux\u00edlio alimenta\u00e7\u00e3o para os e as estudantes indigenas, que ir\u00e3o ao 22\u00b0 Acampamento Terra Livre, em Bras\u00edlia, de 5 a 11 de abril. O Professor Asc\u00edsio Pereira, diretor e professor do Centro de Educa\u00e7\u00e3o, foi at\u00e9 o comando com o pedido de o CLG passar no CE, para ter um di\u00e1logo politizado sobre a greve, com alunos(as), para explicar didaticamente sobre como uma greve funciona, bem como a import\u00e2ncia de se ter greve da categoria.<\/p>\n\n\n\n<p>Al\u00e9m disso, tamb\u00e9m foi citado de ajustar o termo de compromisso de viagem, com as dilibera\u00e7\u00f5es da Assembleia de greve da \u00faltima quarta (01), onde ficou definido novas regras que estabelecem que o(a) filiado(a) que confirmar participa\u00e7\u00e3o em evento ou viagem e, posteriormente, n\u00e3o comparecer sem justificativa, ficar\u00e1 impedido(a) de participar dos tr\u00eas eventos subsequentes, devendo tamb\u00e9m ressarcir os custos decorrentes da aus\u00eancia. Tamb\u00e9m ficou definido que o CLG j\u00e1 inicie uma campanha de doa\u00e7\u00e3o de agasalhos, na pr\u00f3xima semana<\/p>\n\n\n\n<p>Por fim, difiniu-se a agenda de greve de 6 a 10 de abril, ficando da seguinte maneira:<\/p>\n\n\n\n<p><strong>06\/04<\/strong> &#8211; 8h &#8211; reuniao com as chefias e superintend\u00eancia do HUSM, no Audit\u00f3rio do Gulerpe | 9h &#8211; reuni\u00e3o do CLG<br><strong>07\/04<\/strong> &#8211; 9h &#8211; reuni\u00e3o do CLG | 11h &#8211; caminhada na UFSM, com chamada para Assembleia de Greve<br><strong>08\/04<\/strong> &#8211; 9h &#8211; Assembleia Tem\u00e1tica de Greve, local a definir, com a pauta: Lei aprovada, e agora? Debate sobre o RSC, com representantes da CNSC Nacional<br><strong>09\/04<\/strong> &#8211; 9h &#8211; reuni\u00e3o do CLG | mutir\u00e3o de doa\u00e7\u00f5es de sangue no hemocentro (grevistas tem at\u00e9 o dia 07\/04, para confirmar o nome, no CLG)<br><strong>10\/04<\/strong> &#8211; 9h &#8211; reuni\u00e3o do CLG<\/p>\n\n\n\n<p>Importante salientar que no dia 9 de abril um mutir\u00e3o ser\u00e1 realizado para a doa\u00e7\u00e3o de sangue, no Hemocentro de Santa Maria, e os nomes interessados devem ser confirmados at\u00e9 o dia 7 de abril, no lon\u00e3o. Em breve, mais informa\u00e7\u00f5es referente ao mutir\u00e3o e a doa\u00e7\u00e3o de sangue ser\u00e3o divulgadas.<\/p>\n\n\n\n<p>Veja mais fotos, <a href=\"https:\/\/www.facebook.com\/media\/set\/?set=a.1402068841965159&amp;type=3\"><strong>clicando aqui<\/strong><\/a>.<\/span><\/span><\/span><\/span><\/p>\n","protected":false},"excerpt":{"rendered":"<p>A manh\u00e3 de quinta-feira (02) marcou o fechamento da semana de lutas do COmando Local de Greve da Assufsm. Informes foram repassados para a categoria, bem como a agenda de greve da semana de 6 a 10 de abril foi definida. A reuni\u00e3o come\u00e7ou com o informes da reuni\u00e3o entre o CLG, HUSM e Sindiserf, [&hellip;]<\/p>\n","protected":false},"author":4,"featured_media":29684,"comment_status":"open","ping_status":"open","sticky":false,"template":"","format":"standard","meta":{"footnotes":""},"categories":[246],"tags":[],"class_list":["post-29683","post","type-post","status-publish","format-standard","has-post-thumbnail","hentry","category-geralinformativoinicialnoticias"],"_links":{"self":[{"href":"https:\/\/cta.clst17.mxpr.email.pecoraricloud.com.br\/~assufsmcom\/wp-json\/wp\/v2\/posts\/29683","targetHints":{"allow":["GET"]}}],"collection":[{"href":"https:\/\/cta.clst17.mxpr.email.pecoraricloud.com.br\/~assufsmcom\/wp-json\/wp\/v2\/posts"}],"about":[{"href":"https:\/\/cta.clst17.mxpr.email.pecoraricloud.com.br\/~assufsmcom\/wp-json\/wp\/v2\/types\/post"}],"author":[{"embeddable":true,"href":"https:\/\/cta.clst17.mxpr.email.pecoraricloud.com.br\/~assufsmcom\/wp-json\/wp\/v2\/users\/4"}],"replies":[{"embeddable":true,"href":"https:\/\/cta.clst17.mxpr.email.pecoraricloud.com.br\/~assufsmcom\/wp-json\/wp\/v2\/comments?post=29683"}],"version-history":[{"count":0,"href":"https:\/\/cta.clst17.mxpr.email.pecoraricloud.com.br\/~assufsmcom\/wp-json\/wp\/v2\/posts\/29683\/revisions"}],"wp:featuredmedia":[{"embeddable":true,"href":"https:\/\/cta.clst17.mxpr.email.pecoraricloud.com.br\/~assufsmcom\/wp-json\/wp\/v2\/media\/29684"}],"wp:attachment":[{"href":"https:\/\/cta.clst17.mxpr.email.pecoraricloud.com.br\/~assufsmcom\/wp-json\/wp\/v2\/media?parent=29683"}],"wp:term":[{"taxonomy":"category","embeddable":true,"href":"https:\/\/cta.clst17.mxpr.email.pecoraricloud.com.br\/~assufsmcom\/wp-json\/wp\/v2\/categories?post=29683"},{"taxonomy":"post_tag","embeddable":true,"href":"https:\/\/cta.clst17.mxpr.email.pecoraricloud.com.br\/~assufsmcom\/wp-json\/wp\/v2\/tags?post=29683"}],"curies":[{"name":"wp","href":"https:\/\/api.w.org\/{rel}","templated":true}]}}