{"id":29685,"date":"2026-04-02T15:14:35","date_gmt":"2026-04-02T18:14:35","guid":{"rendered":"https:\/\/cta.clst17.mxpr.email.pecoraricloud.com.br\/~assufsmcom\/2026\/04\/02\/o-comando-local-de-greve-informa-o-calendario-de-atividades-da-semana-de-6-a-10-de-abril\/"},"modified":"2026-04-30T16:12:32","modified_gmt":"2026-04-30T19:12:32","slug":"o-comando-local-de-greve-informa-o-calendario-de-atividades-da-semana-de-6-a-10-de-abril","status":"publish","type":"post","link":"https:\/\/cta.clst17.mxpr.email.pecoraricloud.com.br\/~assufsmcom\/2026\/04\/02\/o-comando-local-de-greve-informa-o-calendario-de-atividades-da-semana-de-6-a-10-de-abril\/","title":{"rendered":"O Comando Local de Greve informa o calend\u00e1rio de atividades da semana de 6 a 10 de abril"},"content":{"rendered":"\n<p><span dir=\"auto\" style=\"vertical-align: inherit;\"><span dir=\"auto\" style=\"vertical-align: inherit;\"><span dir=\"auto\" style=\"vertical-align: inherit;\"><span dir=\"auto\" style=\"vertical-align: inherit;\">O Comando Local de Greve informa o calend\u00e1rio de atividades da semana de 6 a 10 de abril, confira:<\/p>\n\n\n\n<p><img decoding=\"async\" class=\"emoji\" role=\"img\" draggable=\"false\" src=\"https:\/\/cta.clst17.mxpr.email.pecoraricloud.com.br\/~assufsmcom\/wp-content\/uploads\/2026\/03\/27a1-1.svg\" alt=\"\u27a1\" \/> <strong>06\/04<\/strong>\u00a0\u2013 8h \u2013 reuniao com as chefias e superintend\u00eancia do HUSM, no Audit\u00f3rio do Gulerpe | 9h \u2013 reuni\u00e3o do CLG<br><strong><img decoding=\"async\" class=\"emoji\" role=\"img\" draggable=\"false\" src=\"https:\/\/cta.clst17.mxpr.email.pecoraricloud.com.br\/~assufsmcom\/wp-content\/uploads\/2026\/03\/27a1-1.svg\" alt=\"\u27a1\" \/> 07\/04<\/strong>\u00a0\u2013 9h \u2013 reuni\u00e3o do CLG | 11h \u2013 caminhada na UFSM, com chamada para Assembleia de Greve<br><strong><img decoding=\"async\" class=\"emoji\" role=\"img\" draggable=\"false\" src=\"https:\/\/cta.clst17.mxpr.email.pecoraricloud.com.br\/~assufsmcom\/wp-content\/uploads\/2026\/03\/27a1-1.svg\" alt=\"\u27a1\" \/> 08\/04<\/strong>\u00a0\u2013 9h \u2013 Assembleia Tem\u00e1tica de Greve, local a definir, com a pauta: Lei aprovada, e agora? Debate sobre o RSC, com representantes da CNSC Nacional<br><strong><img decoding=\"async\" class=\"emoji\" role=\"img\" draggable=\"false\" src=\"https:\/\/cta.clst17.mxpr.email.pecoraricloud.com.br\/~assufsmcom\/wp-content\/uploads\/2026\/03\/27a1-1.svg\" alt=\"\u27a1\" \/> 09\/04<\/strong>\u00a0\u2013 9h \u2013 reuni\u00e3o do CLG | mutir\u00e3o de doa\u00e7\u00f5es de sangue no hemocentro (grevistas tem at\u00e9 o dia 07\/04, para confirmar o nome, no CLG)<br><strong><img decoding=\"async\" class=\"emoji\" role=\"img\" draggable=\"false\" src=\"https:\/\/cta.clst17.mxpr.email.pecoraricloud.com.br\/~assufsmcom\/wp-content\/uploads\/2026\/03\/27a1-1.svg\" alt=\"\u27a1\" \/> 10\/04<\/strong>\u00a0\u2013 9h \u2013 reuni\u00e3o do CLG<\/p>\n\n\n\n<p>Importante salientar que no dia 9 de abril um mutir\u00e3o ser\u00e1 realizado para a doa\u00e7\u00e3o de sangue, no Hemocentro de Santa Maria, e os nomes interessados devem ser confirmados at\u00e9 o dia 7 de abril, no lon\u00e3o. Em breve, mais informa\u00e7\u00f5es referente ao mutir\u00e3o e a doa\u00e7\u00e3o de sangue ser\u00e3o divulgadas.<\/p>\n\n\n\n<p>Participe das atividades de greve da Assufsm, TAE!<\/span><\/span><\/span><\/span><\/p>\n","protected":false},"excerpt":{"rendered":"<p>O Comando Local de Greve informa o calend\u00e1rio de atividades da semana de 6 a 10 de abril, confira: 06\/04\u00a0\u2013 8h \u2013 reuniao com as chefias e superintend\u00eancia do HUSM, no Audit\u00f3rio do Gulerpe | 9h \u2013 reuni\u00e3o do CLG 07\/04\u00a0\u2013 9h \u2013 reuni\u00e3o do CLG | 11h \u2013 caminhada na UFSM, com chamada para [&hellip;]<\/p>\n","protected":false},"author":4,"featured_media":29687,"comment_status":"open","ping_status":"open","sticky":false,"template":"","format":"standard","meta":{"footnotes":""},"categories":[246],"tags":[],"class_list":["post-29685","post","type-post","status-publish","format-standard","has-post-thumbnail","hentry","category-geralinformativoinicialnoticias"],"_links":{"self":[{"href":"https:\/\/cta.clst17.mxpr.email.pecoraricloud.com.br\/~assufsmcom\/wp-json\/wp\/v2\/posts\/29685","targetHints":{"allow":["GET"]}}],"collection":[{"href":"https:\/\/cta.clst17.mxpr.email.pecoraricloud.com.br\/~assufsmcom\/wp-json\/wp\/v2\/posts"}],"about":[{"href":"https:\/\/cta.clst17.mxpr.email.pecoraricloud.com.br\/~assufsmcom\/wp-json\/wp\/v2\/types\/post"}],"author":[{"embeddable":true,"href":"https:\/\/cta.clst17.mxpr.email.pecoraricloud.com.br\/~assufsmcom\/wp-json\/wp\/v2\/users\/4"}],"replies":[{"embeddable":true,"href":"https:\/\/cta.clst17.mxpr.email.pecoraricloud.com.br\/~assufsmcom\/wp-json\/wp\/v2\/comments?post=29685"}],"version-history":[{"count":1,"href":"https:\/\/cta.clst17.mxpr.email.pecoraricloud.com.br\/~assufsmcom\/wp-json\/wp\/v2\/posts\/29685\/revisions"}],"predecessor-version":[{"id":29686,"href":"https:\/\/cta.clst17.mxpr.email.pecoraricloud.com.br\/~assufsmcom\/wp-json\/wp\/v2\/posts\/29685\/revisions\/29686"}],"wp:featuredmedia":[{"embeddable":true,"href":"https:\/\/cta.clst17.mxpr.email.pecoraricloud.com.br\/~assufsmcom\/wp-json\/wp\/v2\/media\/29687"}],"wp:attachment":[{"href":"https:\/\/cta.clst17.mxpr.email.pecoraricloud.com.br\/~assufsmcom\/wp-json\/wp\/v2\/media?parent=29685"}],"wp:term":[{"taxonomy":"category","embeddable":true,"href":"https:\/\/cta.clst17.mxpr.email.pecoraricloud.com.br\/~assufsmcom\/wp-json\/wp\/v2\/categories?post=29685"},{"taxonomy":"post_tag","embeddable":true,"href":"https:\/\/cta.clst17.mxpr.email.pecoraricloud.com.br\/~assufsmcom\/wp-json\/wp\/v2\/tags?post=29685"}],"curies":[{"name":"wp","href":"https:\/\/api.w.org\/{rel}","templated":true}]}}