{"id":29694,"date":"2026-04-07T07:14:35","date_gmt":"2026-04-07T10:14:35","guid":{"rendered":"https:\/\/cta.clst17.mxpr.email.pecoraricloud.com.br\/~assufsmcom\/2026\/04\/07\/07-04-dia-mundial-da-saude\/"},"modified":"2026-04-07T07:14:35","modified_gmt":"2026-04-07T10:14:35","slug":"07-04-dia-mundial-da-saude","status":"publish","type":"post","link":"https:\/\/cta.clst17.mxpr.email.pecoraricloud.com.br\/~assufsmcom\/2026\/04\/07\/07-04-dia-mundial-da-saude\/","title":{"rendered":"07\/04 &#8211; Dia Mundial da Sa\u00fade"},"content":{"rendered":"\n<span dir=\"auto\" style=\"vertical-align: inherit;\"><span dir=\"auto\" style=\"vertical-align: inherit;\"><span dir=\"auto\" style=\"vertical-align: inherit;\"><span dir=\"auto\" style=\"vertical-align: inherit;\"><div class=\"\" data-block=\"true\" data-editor=\"c681h\" data-offset-key=\"7t5lq-0-0\">\n<div class=\"_1mf _1mj\" data-offset-key=\"7t5lq-0-0\"><span data-offset-key=\"7t5lq-0-0\">  O Dia Mundial da Sa\u00fade \u00e9 comemorado anualmente no dia 7 de abril. A data foi criada pela Organiza\u00e7\u00e3o Mundial da Sa\u00fade como um dia de reflex\u00e3o sobre ado\u00e7\u00e3o de h\u00e1bitos e de cuidados que proporcionem sa\u00fade e qualidade de vida \u00e0 popula\u00e7\u00e3o.<\/span><\/div>\n<\/div>\n<div class=\"\" data-block=\"true\" data-editor=\"c681h\" data-offset-key=\"enfeg-0-0\">\n<div class=\"_1mf _1mj\" data-offset-key=\"enfeg-0-0\"><span data-offset-key=\"enfeg-0-0\">\u00a0<\/span><\/div>\n<\/div>\n<div class=\"\" data-block=\"true\" data-editor=\"c681h\" data-offset-key=\"7ucib-0-0\">\n<div class=\"_1mf _1mj\" data-offset-key=\"7ucib-0-0\"><span data-offset-key=\"7ucib-0-0\">A Assufsm parabeniza todos os(as) servidores(as) que atuam na \u00e1rea da sa\u00fade e contribuem diariamente para o cuidado, a promo\u00e7\u00e3o e a recupera\u00e7\u00e3o da sa\u00fade da popula\u00e7\u00e3o.<\/span><\/div>\n<\/div><\/span><\/span><\/span><\/span>\n","protected":false},"excerpt":{"rendered":"<p>O Dia Mundial da Sa\u00fade \u00e9 comemorado anualmente no dia 7 de abril. A data foi criada pela Organiza\u00e7\u00e3o Mundial da Sa\u00fade como um dia de reflex\u00e3o sobre ado\u00e7\u00e3o de h\u00e1bitos e de cuidados que proporcionem sa\u00fade e qualidade de vida \u00e0 popula\u00e7\u00e3o. \u00a0 A Assufsm parabeniza todos os(as) servidores(as) que atuam na \u00e1rea da [&hellip;]<\/p>\n","protected":false},"author":4,"featured_media":29695,"comment_status":"open","ping_status":"open","sticky":false,"template":"","format":"standard","meta":{"footnotes":""},"categories":[14],"tags":[],"class_list":["post-29694","post","type-post","status-publish","format-standard","has-post-thumbnail","hentry","category-geral"],"_links":{"self":[{"href":"https:\/\/cta.clst17.mxpr.email.pecoraricloud.com.br\/~assufsmcom\/wp-json\/wp\/v2\/posts\/29694","targetHints":{"allow":["GET"]}}],"collection":[{"href":"https:\/\/cta.clst17.mxpr.email.pecoraricloud.com.br\/~assufsmcom\/wp-json\/wp\/v2\/posts"}],"about":[{"href":"https:\/\/cta.clst17.mxpr.email.pecoraricloud.com.br\/~assufsmcom\/wp-json\/wp\/v2\/types\/post"}],"author":[{"embeddable":true,"href":"https:\/\/cta.clst17.mxpr.email.pecoraricloud.com.br\/~assufsmcom\/wp-json\/wp\/v2\/users\/4"}],"replies":[{"embeddable":true,"href":"https:\/\/cta.clst17.mxpr.email.pecoraricloud.com.br\/~assufsmcom\/wp-json\/wp\/v2\/comments?post=29694"}],"version-history":[{"count":0,"href":"https:\/\/cta.clst17.mxpr.email.pecoraricloud.com.br\/~assufsmcom\/wp-json\/wp\/v2\/posts\/29694\/revisions"}],"wp:featuredmedia":[{"embeddable":true,"href":"https:\/\/cta.clst17.mxpr.email.pecoraricloud.com.br\/~assufsmcom\/wp-json\/wp\/v2\/media\/29695"}],"wp:attachment":[{"href":"https:\/\/cta.clst17.mxpr.email.pecoraricloud.com.br\/~assufsmcom\/wp-json\/wp\/v2\/media?parent=29694"}],"wp:term":[{"taxonomy":"category","embeddable":true,"href":"https:\/\/cta.clst17.mxpr.email.pecoraricloud.com.br\/~assufsmcom\/wp-json\/wp\/v2\/categories?post=29694"},{"taxonomy":"post_tag","embeddable":true,"href":"https:\/\/cta.clst17.mxpr.email.pecoraricloud.com.br\/~assufsmcom\/wp-json\/wp\/v2\/tags?post=29694"}],"curies":[{"name":"wp","href":"https:\/\/api.w.org\/{rel}","templated":true}]}}