{"id":29696,"date":"2026-04-07T08:00:10","date_gmt":"2026-04-07T11:00:10","guid":{"rendered":"https:\/\/cta.clst17.mxpr.email.pecoraricloud.com.br\/~assufsmcom\/2026\/04\/07\/07-04-dia-doa-jornalista\/"},"modified":"2026-04-07T08:00:10","modified_gmt":"2026-04-07T11:00:10","slug":"07-04-dia-doa-jornalista","status":"publish","type":"post","link":"https:\/\/cta.clst17.mxpr.email.pecoraricloud.com.br\/~assufsmcom\/2026\/04\/07\/07-04-dia-doa-jornalista\/","title":{"rendered":"07\/04 &#8211; Dia do(a) Jornalista"},"content":{"rendered":"\n<span dir=\"auto\" style=\"vertical-align: inherit;\"><span dir=\"auto\" style=\"vertical-align: inherit;\"><span dir=\"auto\" style=\"vertical-align: inherit;\"><span dir=\"auto\" style=\"vertical-align: inherit;\"><p data-renderer-start-pos=\"28\">No dia 07 de abril \u00e9 comemorado o Dia do Jornalista. A data foi institu\u00edda pela Associa\u00e7\u00e3o Brasileira de Imprensa (ABI), em 1931,\u00a0 como homenagem ao m\u00e9dico e jornalista Giovanni Battista L\u00edbero Badar\u00f3. Badar\u00f3 foi o criador do Observat\u00f3rio Constitucional, jornal independente de oposi\u00e7\u00e3o \u00e0 Dom Pedro I.<\/p>\n<p data-renderer-start-pos=\"330\">O dia 07, tamb\u00e9m marca a data de funda\u00e7\u00e3o da Associa\u00e7\u00e3o Brasileira de Imprensa (ABI), idealizada pelo jornalista Gustavo de Lacerda, para representar e assegurar aos jornalistas seus direitos e legitimar sua profiss\u00e3o.<\/p>\nA Assufsm parabeniza todos os(as) jornalistas pelo seu dia, reconhecendo a import\u00e2ncia fundamental do trabalho que desempenham na constru\u00e7\u00e3o de uma sociedade mais informada, cr\u00edtica e democr\u00e1tica.<\/span><\/span><\/span><\/span>\n","protected":false},"excerpt":{"rendered":"<p>No dia 07 de abril \u00e9 comemorado o Dia do Jornalista. A data foi institu\u00edda pela Associa\u00e7\u00e3o Brasileira de Imprensa (ABI), em 1931,\u00a0 como homenagem ao m\u00e9dico e jornalista Giovanni Battista L\u00edbero Badar\u00f3. Badar\u00f3 foi o criador do Observat\u00f3rio Constitucional, jornal independente de oposi\u00e7\u00e3o \u00e0 Dom Pedro I. O dia 07, tamb\u00e9m marca a data [&hellip;]<\/p>\n","protected":false},"author":4,"featured_media":29697,"comment_status":"open","ping_status":"open","sticky":false,"template":"","format":"standard","meta":{"footnotes":""},"categories":[249],"tags":[],"class_list":["post-29696","post","type-post","status-publish","format-standard","has-post-thumbnail","hentry","category-geralinformativoinicialinstitucionalnoticiaspublicacoes"],"_links":{"self":[{"href":"https:\/\/cta.clst17.mxpr.email.pecoraricloud.com.br\/~assufsmcom\/wp-json\/wp\/v2\/posts\/29696","targetHints":{"allow":["GET"]}}],"collection":[{"href":"https:\/\/cta.clst17.mxpr.email.pecoraricloud.com.br\/~assufsmcom\/wp-json\/wp\/v2\/posts"}],"about":[{"href":"https:\/\/cta.clst17.mxpr.email.pecoraricloud.com.br\/~assufsmcom\/wp-json\/wp\/v2\/types\/post"}],"author":[{"embeddable":true,"href":"https:\/\/cta.clst17.mxpr.email.pecoraricloud.com.br\/~assufsmcom\/wp-json\/wp\/v2\/users\/4"}],"replies":[{"embeddable":true,"href":"https:\/\/cta.clst17.mxpr.email.pecoraricloud.com.br\/~assufsmcom\/wp-json\/wp\/v2\/comments?post=29696"}],"version-history":[{"count":0,"href":"https:\/\/cta.clst17.mxpr.email.pecoraricloud.com.br\/~assufsmcom\/wp-json\/wp\/v2\/posts\/29696\/revisions"}],"wp:featuredmedia":[{"embeddable":true,"href":"https:\/\/cta.clst17.mxpr.email.pecoraricloud.com.br\/~assufsmcom\/wp-json\/wp\/v2\/media\/29697"}],"wp:attachment":[{"href":"https:\/\/cta.clst17.mxpr.email.pecoraricloud.com.br\/~assufsmcom\/wp-json\/wp\/v2\/media?parent=29696"}],"wp:term":[{"taxonomy":"category","embeddable":true,"href":"https:\/\/cta.clst17.mxpr.email.pecoraricloud.com.br\/~assufsmcom\/wp-json\/wp\/v2\/categories?post=29696"},{"taxonomy":"post_tag","embeddable":true,"href":"https:\/\/cta.clst17.mxpr.email.pecoraricloud.com.br\/~assufsmcom\/wp-json\/wp\/v2\/tags?post=29696"}],"curies":[{"name":"wp","href":"https:\/\/api.w.org\/{rel}","templated":true}]}}