{"id":29698,"date":"2026-04-06T15:01:25","date_gmt":"2026-04-06T18:01:25","guid":{"rendered":"https:\/\/cta.clst17.mxpr.email.pecoraricloud.com.br\/~assufsmcom\/2026\/04\/06\/43o-dia-de-greve-clg-repassa-informes-e-divulga-acoes-da-greve-para-o-resto-da-semana\/"},"modified":"2026-04-30T16:12:51","modified_gmt":"2026-04-30T19:12:51","slug":"43o-dia-de-greve-clg-repassa-informes-e-divulga-acoes-da-greve-para-o-resto-da-semana","status":"publish","type":"post","link":"https:\/\/cta.clst17.mxpr.email.pecoraricloud.com.br\/~assufsmcom\/2026\/04\/06\/43o-dia-de-greve-clg-repassa-informes-e-divulga-acoes-da-greve-para-o-resto-da-semana\/","title":{"rendered":"43\u00ba dia de greve: CLG repassa informes e divulga a\u00e7\u00f5es da greve para o resto da semana"},"content":{"rendered":"\n<p><span dir=\"auto\" style=\"vertical-align: inherit;\"><span dir=\"auto\" style=\"vertical-align: inherit;\"><span dir=\"auto\" style=\"vertical-align: inherit;\"><span dir=\"auto\" style=\"vertical-align: inherit;\">Na manh\u00e3 desta segunda-feira (06), o Comando Local de Greve (CLG), reunido no lon\u00e3o de greve, passou informes locais e nacionais, encaminhou a\u00e7\u00f5es de greve e repassou a agenda de lutas da semana.<\/p>\n\n\n\n<p>Durante a reuni\u00e3o, foi mencionada a remarca\u00e7\u00e3o do encontro com as chefias e a superintend\u00eancia do Hospital Universit\u00e1rio de Santa Maria (HUSM), que ter\u00e1 como objetivo aprofundar o debate sobre a ades\u00e3o \u00e0 greve nos diferentes setores do hospital. A iniciativa busca ampliar o di\u00e1logo entre a Coordena\u00e7\u00e3o do Hospital e o Sindicato e esclarecer d\u00favidas sobre o movimento grevista. A nova data ainda n\u00e3o foi definida.<\/p>\n\n\n\n<p>Al\u00e9m disso, o Comando de Greve repassou orienta\u00e7\u00f5es para a reuni\u00e3o com a dire\u00e7\u00e3o do Centro de Ci\u00eancias da Sa\u00fade (CCS), marcada para amanh\u00e3 (07), \u00e0s 10h. Durante a visita, tamb\u00e9m ser\u00e1 realizada a distribui\u00e7\u00e3o de panfletos para divulgar e refor\u00e7ar a import\u00e2ncia da participa\u00e7\u00e3o na Assembleia do dia 08 de abril.<\/p>\n\n\n\n<p>Na reuni\u00e3o do lon\u00e3o, os(as) presentes tamb\u00e9m destacaram a import\u00e2ncia da participa\u00e7\u00e3o de representantes da Assufsm no Comando Nacional de Greve (CNG), em Bras\u00edlia.<\/p>\n\n\n\n<p>Confira a agenda para o resto da semana:<\/p>\n\n\n\n<p><strong> 07\/04 &#8211; 10h &#8211; Reuni\u00e3o com o CCS<\/strong><br><strong>08\/04 \u2013 9h \u2013 Assembleia Tem\u00e1tica de Greve, no audit\u00f3rio do INPE, com a pauta: Lei aprovada, e agora? Debate sobre o RSC, com Ronaldo Bastos, membro da CNSC pela Fasubra<\/strong><br><strong>09\/04 \u2013 9h \u2013 reuni\u00e3o do CLG | mutir\u00e3o de doa\u00e7\u00f5es de sangue no Hemocentro (servidores(as) t\u00eam at\u00e9 o dia 07\/04, para confirmar o nome, no CLG)<\/strong><br><strong>10\/04 \u2013 9h \u2013 reuni\u00e3o do CLG<\/strong><\/p>\n\n\n\n<p><img fetchpriority=\"high\" decoding=\"async\" class=\"aligncenter size-full wp-image-34418\" src=\"https:\/\/cta.clst17.mxpr.email.pecoraricloud.com.br\/~assufsmcom\/wp-content\/uploads\/2026\/04\/WhatsApp-Image-2026-04-06-at-09.54.14.jpeg\" alt=\"\" width=\"1280\" height=\"720\" \/> <img decoding=\"async\" class=\"aligncenter size-full wp-image-34419\" src=\"https:\/\/cta.clst17.mxpr.email.pecoraricloud.com.br\/~assufsmcom\/wp-content\/uploads\/2026\/04\/WhatsApp-Image-2026-04-06-at-09.54.14aaa.jpeg\" alt=\"\" width=\"1280\" height=\"720\" \/><\/span><\/span><\/span><\/span><\/p>\n","protected":false},"excerpt":{"rendered":"<p>Na manh\u00e3 desta segunda-feira (06), o Comando Local de Greve (CLG), reunido no lon\u00e3o de greve, passou informes locais e nacionais, encaminhou a\u00e7\u00f5es de greve e repassou a agenda de lutas da semana. Durante a reuni\u00e3o, foi mencionada a remarca\u00e7\u00e3o do encontro com as chefias e a superintend\u00eancia do Hospital Universit\u00e1rio de Santa Maria (HUSM), [&hellip;]<\/p>\n","protected":false},"author":4,"featured_media":29699,"comment_status":"open","ping_status":"open","sticky":false,"template":"","format":"standard","meta":{"footnotes":""},"categories":[249],"tags":[],"class_list":["post-29698","post","type-post","status-publish","format-standard","has-post-thumbnail","hentry","category-geralinformativoinicialinstitucionalnoticiaspublicacoes"],"_links":{"self":[{"href":"https:\/\/cta.clst17.mxpr.email.pecoraricloud.com.br\/~assufsmcom\/wp-json\/wp\/v2\/posts\/29698","targetHints":{"allow":["GET"]}}],"collection":[{"href":"https:\/\/cta.clst17.mxpr.email.pecoraricloud.com.br\/~assufsmcom\/wp-json\/wp\/v2\/posts"}],"about":[{"href":"https:\/\/cta.clst17.mxpr.email.pecoraricloud.com.br\/~assufsmcom\/wp-json\/wp\/v2\/types\/post"}],"author":[{"embeddable":true,"href":"https:\/\/cta.clst17.mxpr.email.pecoraricloud.com.br\/~assufsmcom\/wp-json\/wp\/v2\/users\/4"}],"replies":[{"embeddable":true,"href":"https:\/\/cta.clst17.mxpr.email.pecoraricloud.com.br\/~assufsmcom\/wp-json\/wp\/v2\/comments?post=29698"}],"version-history":[{"count":1,"href":"https:\/\/cta.clst17.mxpr.email.pecoraricloud.com.br\/~assufsmcom\/wp-json\/wp\/v2\/posts\/29698\/revisions"}],"predecessor-version":[{"id":29701,"href":"https:\/\/cta.clst17.mxpr.email.pecoraricloud.com.br\/~assufsmcom\/wp-json\/wp\/v2\/posts\/29698\/revisions\/29701"}],"wp:featuredmedia":[{"embeddable":true,"href":"https:\/\/cta.clst17.mxpr.email.pecoraricloud.com.br\/~assufsmcom\/wp-json\/wp\/v2\/media\/29699"}],"wp:attachment":[{"href":"https:\/\/cta.clst17.mxpr.email.pecoraricloud.com.br\/~assufsmcom\/wp-json\/wp\/v2\/media?parent=29698"}],"wp:term":[{"taxonomy":"category","embeddable":true,"href":"https:\/\/cta.clst17.mxpr.email.pecoraricloud.com.br\/~assufsmcom\/wp-json\/wp\/v2\/categories?post=29698"},{"taxonomy":"post_tag","embeddable":true,"href":"https:\/\/cta.clst17.mxpr.email.pecoraricloud.com.br\/~assufsmcom\/wp-json\/wp\/v2\/tags?post=29698"}],"curies":[{"name":"wp","href":"https:\/\/api.w.org\/{rel}","templated":true}]}}