{"id":29706,"date":"2026-04-08T10:43:00","date_gmt":"2026-04-08T13:43:00","guid":{"rendered":"https:\/\/cta.clst17.mxpr.email.pecoraricloud.com.br\/~assufsmcom\/2026\/04\/08\/atecao-tae-alteracao-no-horario-da-assembleia-tematica-desta-quarta-feira-08\/"},"modified":"2026-04-08T10:43:00","modified_gmt":"2026-04-08T13:43:00","slug":"atecao-tae-alteracao-no-horario-da-assembleia-tematica-desta-quarta-feira-08","status":"publish","type":"post","link":"https:\/\/cta.clst17.mxpr.email.pecoraricloud.com.br\/~assufsmcom\/2026\/04\/08\/atecao-tae-alteracao-no-horario-da-assembleia-tematica-desta-quarta-feira-08\/","title":{"rendered":"ATEN\u00c7\u00c3O, TAE: Altera\u00e7\u00e3o no hor\u00e1rio da Assembleia Tem\u00e1tica desta quarta-feira (08)"},"content":{"rendered":"\n<p><span dir=\"auto\" style=\"vertical-align: inherit;\"><span dir=\"auto\" style=\"vertical-align: inherit;\"><span dir=\"auto\" style=\"vertical-align: inherit;\"><span dir=\"auto\" style=\"vertical-align: inherit;\">ATEN\u00c7\u00c3O, TAE<\/p>\n\n\n\n<p>Por quest\u00f5es t\u00e9cnicas foi necess\u00e1rio alterar o hor\u00e1rio da Assembleia Tem\u00e1tica de Greve, desta quarta-feira (08). <strong>A Assembleia vai acontecer \u00e0s 14h, no INPE. <\/strong>Tamb\u00e9m foi inclu\u00eddo na pauta a retirada de delegados para o Comando Nacional de Greve.<\/p>\n\n\n\n<p>A Assembleia contar\u00e1 com a participa\u00e7\u00e3o de Ronaldo Bastos e Rolando Malv\u00e1sio, membros da Comiss\u00e3o Nacional de Supervis\u00e3o da Carreira (CNSC) pela Fasubra. Em pauta, estar\u00e1 o seguinte assunto:<\/p>\n\n\n\n<p>\u2013 Lei aprovada, e agora? Debate sobre o Reconhecimento de Saberes e Compet\u00eancias (RSC)<\/p>\n\n\n\n<p><strong>  HOJE &#8211; 08 de abril<\/strong><br><strong>  \u00c0s 14h<\/strong><br><strong>  Audit\u00f3rio do INPE<\/strong><\/p>\n\n\n\n<p>A Assembleia ser\u00e1 transmitida pelo canal do Youtube da Assufsm.<\/p>\n\n\n\n<p>TAE, participe e fortale\u00e7a o movimento!<\/span><\/span><\/span><\/span><\/p>\n","protected":false},"excerpt":{"rendered":"<p>ATEN\u00c7\u00c3O, TAE Por quest\u00f5es t\u00e9cnicas foi necess\u00e1rio alterar o hor\u00e1rio da Assembleia Tem\u00e1tica de Greve, desta quarta-feira (08). A Assembleia vai acontecer \u00e0s 14h, no INPE. Tamb\u00e9m foi inclu\u00eddo na pauta a retirada de delegados para o Comando Nacional de Greve. A Assembleia contar\u00e1 com a participa\u00e7\u00e3o de Ronaldo Bastos e Rolando Malv\u00e1sio, membros da [&hellip;]<\/p>\n","protected":false},"author":4,"featured_media":0,"comment_status":"open","ping_status":"open","sticky":false,"template":"","format":"standard","meta":{"footnotes":""},"categories":[249],"tags":[],"class_list":["post-29706","post","type-post","status-publish","format-standard","hentry","category-geralinformativoinicialinstitucionalnoticiaspublicacoes"],"_links":{"self":[{"href":"https:\/\/cta.clst17.mxpr.email.pecoraricloud.com.br\/~assufsmcom\/wp-json\/wp\/v2\/posts\/29706","targetHints":{"allow":["GET"]}}],"collection":[{"href":"https:\/\/cta.clst17.mxpr.email.pecoraricloud.com.br\/~assufsmcom\/wp-json\/wp\/v2\/posts"}],"about":[{"href":"https:\/\/cta.clst17.mxpr.email.pecoraricloud.com.br\/~assufsmcom\/wp-json\/wp\/v2\/types\/post"}],"author":[{"embeddable":true,"href":"https:\/\/cta.clst17.mxpr.email.pecoraricloud.com.br\/~assufsmcom\/wp-json\/wp\/v2\/users\/4"}],"replies":[{"embeddable":true,"href":"https:\/\/cta.clst17.mxpr.email.pecoraricloud.com.br\/~assufsmcom\/wp-json\/wp\/v2\/comments?post=29706"}],"version-history":[{"count":0,"href":"https:\/\/cta.clst17.mxpr.email.pecoraricloud.com.br\/~assufsmcom\/wp-json\/wp\/v2\/posts\/29706\/revisions"}],"wp:attachment":[{"href":"https:\/\/cta.clst17.mxpr.email.pecoraricloud.com.br\/~assufsmcom\/wp-json\/wp\/v2\/media?parent=29706"}],"wp:term":[{"taxonomy":"category","embeddable":true,"href":"https:\/\/cta.clst17.mxpr.email.pecoraricloud.com.br\/~assufsmcom\/wp-json\/wp\/v2\/categories?post=29706"},{"taxonomy":"post_tag","embeddable":true,"href":"https:\/\/cta.clst17.mxpr.email.pecoraricloud.com.br\/~assufsmcom\/wp-json\/wp\/v2\/tags?post=29706"}],"curies":[{"name":"wp","href":"https:\/\/api.w.org\/{rel}","templated":true}]}}