{"id":29707,"date":"2026-04-08T11:09:29","date_gmt":"2026-04-08T14:09:29","guid":{"rendered":"https:\/\/cta.clst17.mxpr.email.pecoraricloud.com.br\/~assufsmcom\/2026\/04\/08\/comando-nacional-de-greve-da-fasubra-concentra-agenda-em-organizacao-interna-e-analise-de-conjuntura\/"},"modified":"2026-04-30T16:13:17","modified_gmt":"2026-04-30T19:13:17","slug":"comando-nacional-de-greve-da-fasubra-concentra-agenda-em-organizacao-interna-e-analise-de-conjuntura","status":"publish","type":"post","link":"https:\/\/cta.clst17.mxpr.email.pecoraricloud.com.br\/~assufsmcom\/2026\/04\/08\/comando-nacional-de-greve-da-fasubra-concentra-agenda-em-organizacao-interna-e-analise-de-conjuntura\/","title":{"rendered":"Comando Nacional de Greve da Fasubra concentra agenda em organiza\u00e7\u00e3o interna e an\u00e1lise de conjuntura"},"content":{"rendered":"\n<p><span dir=\"auto\" style=\"vertical-align: inherit;\"><span dir=\"auto\" style=\"vertical-align: inherit;\"><span dir=\"auto\" style=\"vertical-align: inherit;\"><span dir=\"auto\" style=\"vertical-align: inherit;\">O Comando Nacional de Greve (CNG) da FASUBRA Sindical concentrou suas atividades de segunda e ter\u00e7a-feira, dias 6 e 7 de abril, em sua organiza\u00e7\u00e3o, credenciamento de novas delega\u00e7\u00f5es e debate sobre a conjuntura.<\/p>\n\n\n\n<p>Representando a Assufsm no CNG est\u00e3os os(as) delegados(as): o coordenador de Esporte, Cultura e Lazer Paulo Quadrado, a coordenadora Jur\u00eddica e de Rela\u00e7\u00f5es de Trabalho Gl\u00e1ucia Tassinari e as TAES Carla Correa e Loreci Batista.<\/p>\n\n\n\n<p>Durante os dois dias, tamb\u00e9m houve a recomposi\u00e7\u00e3o das comiss\u00f5es de trabalho, respons\u00e1veis por garantir o encaminhamento das demandas estabelecidas e dar suporte \u00e0s a\u00e7\u00f5es do comando.<\/p>\n\n\n\n<p>No debate sobre a conjuntura foram abordados, ainda, a rela\u00e7\u00e3o com o governo federal e os desafios para a abertura de negocia\u00e7\u00f5es.<\/p>\n\n\n\n<p>Ao final das atividades, o CNG definiu encaminhamentos que ir\u00e3o orientar os pr\u00f3ximos passos da mobiliza\u00e7\u00e3o, reafirmando o compromisso com a defesa dos direitos da categoria e a busca por avan\u00e7os concretos na pauta de reivindica\u00e7\u00f5es.<\/p>\n\n\n\n<p>A agenda dos dias 6 e 7 refor\u00e7a a estrat\u00e9gia da FASUBRA Sindical de fortalecer a organiza\u00e7\u00e3o interna e alinhar as a\u00e7\u00f5es do movimento, em um momento considerado decisivo para a condu\u00e7\u00e3o da greve.<\/p>\n\n\n\n<p><img fetchpriority=\"high\" decoding=\"async\" class=\"aligncenter size-full wp-image-34448\" src=\"https:\/\/cta.clst17.mxpr.email.pecoraricloud.com.br\/~assufsmcom\/wp-content\/uploads\/2026\/04\/FOTO-FASUBRA-07.04.jpeg\" alt=\"\" width=\"1280\" height=\"720\" \/><br><img decoding=\"async\" class=\"aligncenter size-full wp-image-34453\" src=\"https:\/\/cta.clst17.mxpr.email.pecoraricloud.com.br\/~assufsmcom\/wp-content\/uploads\/2026\/04\/WhatsApp-Image-2026-04-07-at-14.46.03.jpeg\" alt=\"\" width=\"1200\" height=\"1600\" \/> <img decoding=\"async\" class=\"aligncenter size-full wp-image-34454\" src=\"https:\/\/cta.clst17.mxpr.email.pecoraricloud.com.br\/~assufsmcom\/wp-content\/uploads\/2026\/04\/WhatsApp-Image-2026-04-07-at-14.46.04.jpeg\" alt=\"\" width=\"960\" height=\"1280\" \/> <img loading=\"lazy\" decoding=\"async\" class=\"aligncenter size-full wp-image-34455\" src=\"https:\/\/cta.clst17.mxpr.email.pecoraricloud.com.br\/~assufsmcom\/wp-content\/uploads\/2026\/04\/WhatsApp-Image-2026-04-07-at-23.25.04.jpeg\" alt=\"\" width=\"1280\" height=\"1045\" \/><\/span><\/span><\/span><\/span><\/p>\n","protected":false},"excerpt":{"rendered":"<p>O Comando Nacional de Greve (CNG) da FASUBRA Sindical concentrou suas atividades de segunda e ter\u00e7a-feira, dias 6 e 7 de abril, em sua organiza\u00e7\u00e3o, credenciamento de novas delega\u00e7\u00f5es e debate sobre a conjuntura. Representando a Assufsm no CNG est\u00e3os os(as) delegados(as): o coordenador de Esporte, Cultura e Lazer Paulo Quadrado, a coordenadora Jur\u00eddica e [&hellip;]<\/p>\n","protected":false},"author":4,"featured_media":29708,"comment_status":"open","ping_status":"open","sticky":false,"template":"","format":"standard","meta":{"footnotes":""},"categories":[249],"tags":[],"class_list":["post-29707","post","type-post","status-publish","format-standard","has-post-thumbnail","hentry","category-geralinformativoinicialinstitucionalnoticiaspublicacoes"],"_links":{"self":[{"href":"https:\/\/cta.clst17.mxpr.email.pecoraricloud.com.br\/~assufsmcom\/wp-json\/wp\/v2\/posts\/29707","targetHints":{"allow":["GET"]}}],"collection":[{"href":"https:\/\/cta.clst17.mxpr.email.pecoraricloud.com.br\/~assufsmcom\/wp-json\/wp\/v2\/posts"}],"about":[{"href":"https:\/\/cta.clst17.mxpr.email.pecoraricloud.com.br\/~assufsmcom\/wp-json\/wp\/v2\/types\/post"}],"author":[{"embeddable":true,"href":"https:\/\/cta.clst17.mxpr.email.pecoraricloud.com.br\/~assufsmcom\/wp-json\/wp\/v2\/users\/4"}],"replies":[{"embeddable":true,"href":"https:\/\/cta.clst17.mxpr.email.pecoraricloud.com.br\/~assufsmcom\/wp-json\/wp\/v2\/comments?post=29707"}],"version-history":[{"count":1,"href":"https:\/\/cta.clst17.mxpr.email.pecoraricloud.com.br\/~assufsmcom\/wp-json\/wp\/v2\/posts\/29707\/revisions"}],"predecessor-version":[{"id":29712,"href":"https:\/\/cta.clst17.mxpr.email.pecoraricloud.com.br\/~assufsmcom\/wp-json\/wp\/v2\/posts\/29707\/revisions\/29712"}],"wp:featuredmedia":[{"embeddable":true,"href":"https:\/\/cta.clst17.mxpr.email.pecoraricloud.com.br\/~assufsmcom\/wp-json\/wp\/v2\/media\/29708"}],"wp:attachment":[{"href":"https:\/\/cta.clst17.mxpr.email.pecoraricloud.com.br\/~assufsmcom\/wp-json\/wp\/v2\/media?parent=29707"}],"wp:term":[{"taxonomy":"category","embeddable":true,"href":"https:\/\/cta.clst17.mxpr.email.pecoraricloud.com.br\/~assufsmcom\/wp-json\/wp\/v2\/categories?post=29707"},{"taxonomy":"post_tag","embeddable":true,"href":"https:\/\/cta.clst17.mxpr.email.pecoraricloud.com.br\/~assufsmcom\/wp-json\/wp\/v2\/tags?post=29707"}],"curies":[{"name":"wp","href":"https:\/\/api.w.org\/{rel}","templated":true}]}}